{"id":207786,"date":"2026-04-30T07:56:43","date_gmt":"2026-04-30T11:56:43","guid":{"rendered":"https:\/\/sportseco.com\/?p=207786"},"modified":"2026-04-30T07:56:43","modified_gmt":"2026-04-30T11:56:43","slug":"sembrar-vida-y-conciencia-una-apuesta-por-la-paz-con-la-naturaleza-en-san-vicente-del-caguan","status":"publish","type":"post","link":"https:\/\/sportseco.com\/?p=207786","title":{"rendered":"Sembrar vida y conciencia: una apuesta por la paz con la naturaleza en San Vicente del Cagu\u00e1n"},"content":{"rendered":"<div class=\"wp-block-image\">\n<figure class=\"alignleft\"><img data-recalc-dims=\"1\" height=\"300\" width=\"300\" decoding=\"async\" src=\"https:\/\/i0.wp.com\/www.parquesnacionales.gov.co\/wp-content\/uploads\/2026\/04\/El-guardian-de-Chiribiquete-300x300.png?resize=300%2C300&#038;ssl=1\" alt=\"\" class=\"wp-image-180039\"\/><\/figure>\n<\/div>\n\n\n<p>En el municipio de San Vicente del Cagu\u00e1n, el Comit\u00e9 Interinstitucional de Educaci\u00f3n Ambiental (CIDEA) conmemor\u00f3 el D\u00eda Mundial de la Tierra mediante una jornada comunitaria desarrollada en el barrio Colinas del Lago, donde la siembra de \u00e1rboles y los espacios de educaci\u00f3n ambiental se convirtieron en oportunidades para fortalecer la relaci\u00f3n entre las personas y su entorno.<\/p>\n\n\n\n<p>A trav\u00e9s de este encuentro, promovimos la reflexi\u00f3n sobre el cuidado del territorio y la corresponsabilidad en la protecci\u00f3n de los recursos naturales, reconociendo que la construcci\u00f3n de paz con la naturaleza implica acciones cotidianas, di\u00e1logo de saberes y trabajo colectivo. En este contexto, se destac\u00f3 el papel del Parque Nacional Natural Serran\u00eda de Chiribiquete como un territorio fundamental para la conservaci\u00f3n de la biodiversidad y el equilibrio de los ecosistemas, no solo por su riqueza natural, sino tambi\u00e9n por su importancia en la regulaci\u00f3n clim\u00e1tica, la protecci\u00f3n de las fuentes h\u00eddricas, la captura de carbono y la conservaci\u00f3n de los suelos.<\/p>\n\n\n\n<p>Asimismo, se reconoci\u00f3 su valor cultural como un espacio que resguarda saberes ancestrales y formas sostenibles de habitar el territorio, record\u00e1ndonos que su protecci\u00f3n est\u00e1 profundamente conectada con la calidad de vida de las comunidades y la sostenibilidad a largo plazo.<\/p>\n\n\n\n<p>La jornada cont\u00f3 con la participaci\u00f3n articulada del Parque Nacional Natural Cordillera de los Picachos, Aguas del Cagu\u00e1n S.A. E.S.P Mixta, Corpoamazonia, la Alcald\u00eda Municipal \u2014a trav\u00e9s de sus diferentes dependencias\u2014, as\u00ed como de la Mesa de Participaci\u00f3n de Ni\u00f1os, Ni\u00f1as y Adolescentes y la comunidad del sector, quienes, desde sus acciones, contin\u00faan aportando a la construcci\u00f3n de un territorio que cuida la vida.<\/p>\n\n\n\n<figure class=\"wp-block-image size-full\"><img data-recalc-dims=\"1\" loading=\"lazy\" decoding=\"async\" width=\"640\" height=\"408\" src=\"https:\/\/i0.wp.com\/sportseco.com\/wp-content\/uploads\/2026\/04\/Sembrar-vida-y-conciencia-por-la-paz-con-la-naturaleza-chiribiquete-1-1024x652-1.jpeg?resize=640%2C408&#038;ssl=1\" alt=\"\" class=\"wp-image-207788\" srcset=\"https:\/\/i0.wp.com\/sportseco.com\/wp-content\/uploads\/2026\/04\/Sembrar-vida-y-conciencia-por-la-paz-con-la-naturaleza-chiribiquete-1-1024x652-1.jpeg?w=1024&amp;ssl=1 1024w, https:\/\/i0.wp.com\/sportseco.com\/wp-content\/uploads\/2026\/04\/Sembrar-vida-y-conciencia-por-la-paz-con-la-naturaleza-chiribiquete-1-1024x652-1.jpeg?resize=300%2C191&amp;ssl=1 300w, https:\/\/i0.wp.com\/sportseco.com\/wp-content\/uploads\/2026\/04\/Sembrar-vida-y-conciencia-por-la-paz-con-la-naturaleza-chiribiquete-1-1024x652-1.jpeg?resize=768%2C489&amp;ssl=1 768w\" sizes=\"auto, (max-width: 640px) 100vw, 640px\" \/><\/figure>\n\n\n\n<p><a href=\"https:\/\/www.parquesnacionales.gov.co\/wp-content\/uploads\/2026\/04\/Sembrar-vida-y-conciencia-por-la-paz-con-la-naturaleza-chiribiquete-5-1024x682.jpeg\"><\/a><\/p>\n\n\n\n<p><a href=\"https:\/\/www.parquesnacionales.gov.co\/wp-content\/uploads\/2026\/04\/Sembrar-vida-y-conciencia-por-la-paz-con-la-naturaleza-chiribiquete-4-1024x682.jpeg\"><\/a><\/p>\n\n\n\n<p>parquesnacionales.gov.co<a href=\"https:\/\/www.parquesnacionales.gov.co\/wp-content\/uploads\/2026\/04\/Sembrar-vida-y-conciencia-por-la-paz-con-la-naturaleza-chiribiquete-3-713x1024.jpeg\"><\/a><\/p>\n","protected":false},"excerpt":{"rendered":"<p>En el municipio de San Vicente del Cagu\u00e1n, el Comit\u00e9 Interinstitucional de Educaci\u00f3n Ambiental (CIDEA) conmemor\u00f3 el D\u00eda Mundial de la Tierra mediante una jornada comunitaria desarrollada en el barrio Colinas del Lago, donde la siembra de \u00e1rboles y los espacios de educaci\u00f3n ambiental se convirtieron en oportunidades para fortalecer la relaci\u00f3n entre las personas [&hellip;]<\/p>\n","protected":false},"author":1,"featured_media":207787,"comment_status":"open","ping_status":"open","sticky":false,"template":"","format":"standard","meta":{"_acf_changed":false,"_jetpack_memberships_contains_paid_content":false,"footnotes":"","jetpack_publicize_message":"","jetpack_publicize_feature_enabled":true,"jetpack_social_post_already_shared":true,"jetpack_social_options":{"image_generator_settings":{"template":"highway","default_image_id":0,"font":"","enabled":false},"version":2}},"categories":[6],"tags":[],"class_list":["post-207786","post","type-post","status-publish","format-standard","has-post-thumbnail","hentry","category-ecologia"],"acf":[],"jetpack_publicize_connections":[],"jetpack_featured_media_url":"https:\/\/i0.wp.com\/sportseco.com\/wp-content\/uploads\/2026\/04\/Sembrar-vida-y-conciencia-por-la-paz-con-la-naturaleza-chiribiquete-2.jpeg?fit=1151%2C792&ssl=1","jetpack_sharing_enabled":true,"_links":{"self":[{"href":"https:\/\/sportseco.com\/index.php?rest_route=\/wp\/v2\/posts\/207786","targetHints":{"allow":["GET"]}}],"collection":[{"href":"https:\/\/sportseco.com\/index.php?rest_route=\/wp\/v2\/posts"}],"about":[{"href":"https:\/\/sportseco.com\/index.php?rest_route=\/wp\/v2\/types\/post"}],"author":[{"embeddable":true,"href":"https:\/\/sportseco.com\/index.php?rest_route=\/wp\/v2\/users\/1"}],"replies":[{"embeddable":true,"href":"https:\/\/sportseco.com\/index.php?rest_route=%2Fwp%2Fv2%2Fcomments&post=207786"}],"version-history":[{"count":1,"href":"https:\/\/sportseco.com\/index.php?rest_route=\/wp\/v2\/posts\/207786\/revisions"}],"predecessor-version":[{"id":207789,"href":"https:\/\/sportseco.com\/index.php?rest_route=\/wp\/v2\/posts\/207786\/revisions\/207789"}],"wp:featuredmedia":[{"embeddable":true,"href":"https:\/\/sportseco.com\/index.php?rest_route=\/wp\/v2\/media\/207787"}],"wp:attachment":[{"href":"https:\/\/sportseco.com\/index.php?rest_route=%2Fwp%2Fv2%2Fmedia&parent=207786"}],"wp:term":[{"taxonomy":"category","embeddable":true,"href":"https:\/\/sportseco.com\/index.php?rest_route=%2Fwp%2Fv2%2Fcategories&post=207786"},{"taxonomy":"post_tag","embeddable":true,"href":"https:\/\/sportseco.com\/index.php?rest_route=%2Fwp%2Fv2%2Ftags&post=207786"}],"curies":[{"name":"wp","href":"https:\/\/api.w.org\/{rel}","templated":true}]}}