{"id":207806,"date":"2026-04-30T17:35:53","date_gmt":"2026-04-30T21:35:53","guid":{"rendered":"https:\/\/sportseco.com\/?p=207806"},"modified":"2026-04-30T17:35:53","modified_gmt":"2026-04-30T21:35:53","slug":"estado-del-clima-en-europa-olas-de-calor-sin-precedentes-desde-el-mediterraneo-hasta-el-artico-mientras-los-glaciares-se-reducen-y-la-capa-de-nieve-disminuye","status":"publish","type":"post","link":"https:\/\/sportseco.com\/?p=207806","title":{"rendered":"Estado del clima en Europa: olas de calor sin precedentes desde el Mediterr\u00e1neo hasta el \u00c1rtico, mientras los glaciares se reducen y la capa de nieve disminuye"},"content":{"rendered":"\n<p>El informe del CEPMPM y la OMM destaca los efectos del cambio clim\u00e1tico sobre las personas y la biodiversidad en el continente que se calienta m\u00e1s r\u00e1pidamente<\/p>\n\n\n\n<p><a href=\"https:\/\/twitter.com\/intent\/tweet?url=https:\/\/wmo.int\/es\/media\/news\/estado-del-clima-en-europa-olas-de-calor-sin-precedentes-desde-el-mediterraneo-hasta-el-artico\" target=\"_blank\" rel=\"noreferrer noopener\"><\/a><a href=\"https:\/\/www.linkedin.com\/sharing\/share-offsite\/?url=https:\/\/wmo.int\/es\/media\/news\/estado-del-clima-en-europa-olas-de-calor-sin-precedentes-desde-el-mediterraneo-hasta-el-artico\" target=\"_blank\" rel=\"noreferrer noopener\"><\/a><a href=\"https:\/\/www.facebook.com\/share.php?u=https:\/\/wmo.int\/es\/media\/news\/estado-del-clima-en-europa-olas-de-calor-sin-precedentes-desde-el-mediterraneo-hasta-el-artico\" target=\"_blank\" rel=\"noreferrer noopener\"><\/a><a href=\"mailto:?subject=Estado%20del%20clima%20en%20Europa%3A%20olas%20de%20calor%20sin%20precedentes%20desde%20el%20Mediterr%C3%A1neo%20hasta%20el%20%C3%81rtico%2C%20mientras%20los%20glaciares%20se%20reducen%20y%20la%20capa%20de%20nieve%20disminuye&amp;body=Check%20out%20this%20site%20https%3A%2F%2Fwmo.int%2Fes%2Fmedia%2Fnews%2Festado-del-clima-en-europa-olas-de-calor-sin-precedentes-desde-el-mediterraneo-hasta-el-artico\" target=\"_blank\" rel=\"noreferrer noopener\"><\/a><\/p>\n\n\n\n<figure class=\"wp-block-image\"><img data-recalc-dims=\"1\" decoding=\"async\" src=\"https:\/\/i0.wp.com\/wmo.int\/sites\/default\/files\/styles\/featured_image_x1_768x512\/public\/2026-04\/Thumbnails%2022026.jpg?w=640&#038;ssl=1\" alt=\"Four vertical panels show a sunny village, snowy mountains, a wildfire with smoke, and an ocean sunset, representing different climates and environments.\" title=\"canva Thumbnails 2026.jpg\"\/><\/figure>\n\n\n\n<p>El r\u00e1pido calentamiento en Europa est\u00e1 reduciendo la capa de nieve y hielo, mientras que las temperaturas del aire peligrosamente altas, la sequ\u00eda, las olas de calor y las temperaturas oce\u00e1nicas r\u00e9cord est\u00e1n afectando a regiones que van desde el \u00c1rtico hasta el Mediterr\u00e1neo. Europa, junto con muchas otras regiones del planeta, est\u00e1 expuesta a impactos cada vez mayores (desde olas de calor r\u00e9cord en tierra y mar, hasta incendios forestales devastadores y una p\u00e9rdida continua de biodiversidad) con consecuencias para las sociedades y los ecosistemas de toda Europa.<\/p>\n\n\n\n<p>Los resultados se publican hoy en el informe \u00ab<a href=\"https:\/\/wmo.int\/resources\/publication-series\/state-of-climate-europe\/european-state-of-climate-2025\">Estado del clima en Europa (ESOTC) 2025<\/a>\u00bb, elaborado por el Centro Europeo de Previsiones Meteorol\u00f3gicas a Plazo Medio (CEPMPM), que gestiona el Servicio de Cambio Clim\u00e1tico de Copernicus, y la Organizaci\u00f3n Meteorol\u00f3gica Mundial (OMM). El informe recoge el trabajo de unos 100 colaboradores cient\u00edficos y ofrece una visi\u00f3n general completa de los cambios clave en los indicadores clim\u00e1ticos del continente que se calienta m\u00e1s r\u00e1pidamente del mundo, incluidos los entornos fr\u00edos, los ecosistemas marinos, los r\u00edos y lagos, el riesgo de incendios forestales y mucho m\u00e1s. &nbsp;Se pone a disposici\u00f3n una amplia gama de gr\u00e1ficos e im\u00e1genes que destacan las conclusiones clave de los datos.<br \/>&nbsp;<\/p>\n\n\n\n<figure class=\"wp-block-image\"><img data-recalc-dims=\"1\" decoding=\"async\" src=\"https:\/\/i0.wp.com\/wmo.int\/sites\/default\/files\/styles\/prose_1x\/public\/2026-04\/Picture1_0.png?w=640&#038;ssl=1\" alt=\"Graph showing cumulative glacier mass loss in European regions and a map of Greenland's ice velocity, highlighting rapid ice loss in Iceland and significant Greenland melt by 2025.\" title=\"Picture1.png\"\/><\/figure>\n\n\n\n<p>(Izquierda) Cambio acumulado de la masa glaciar (Gt) en las regiones glaciares europeas de 1976 a 2025. Gt = gigatoneladas = 1000 millones de toneladas. Datos: WGMS. Cr\u00e9dito: WGMS\/C3S\/CEPMPM. (Derecha) Velocidad del flujo de hielo de la capa de hielo de Groenlandia para el a\u00f1o hidrol\u00f3gico 2025. Datos: IMBIE, ENVEO<\/p>\n\n\n\n<p>ENVEO\/C3S\/ECMWF<\/p>\n\n\n\n<h2 class=\"wp-block-heading\">Principales conclusiones del informe<\/h2>\n\n\n\n<ul class=\"wp-block-list\">\n<li>Al menos el 95 % de Europa registr\u00f3 temperaturas anuales superiores a la media en 2025.\u00a0<\/li>\n\n\n\n<li>Una ola de calor r\u00e9cord de tres semanas afect\u00f3 a la regi\u00f3n sub\u00e1rtica de Fennoscandia, con temperaturas que superaron los 30 \u00b0C tanto en zonas cercanas al c\u00edrculo polar \u00e1rtico como dentro de este.<\/li>\n\n\n\n<li>Los glaciares de todas las regiones europeas tuvieron una p\u00e9rdida neta de masa, e Islandia registr\u00f3 la segunda mayor p\u00e9rdida de glaciares de su historia; la capa de nieve fue un 31 % inferior a la media; la capa de hielo de Groenlandia perdi\u00f3 139 gigatoneladas (139 000 millones de toneladas) de hielo.<\/li>\n\n\n\n<li>La temperatura anual de la superficie del mar en la regi\u00f3n europea fue la m\u00e1s alta registrada, y el 86 % de la regi\u00f3n sufri\u00f3 al menos olas de calor marinas \u00abfuertes\u00bb.\u00a0<\/li>\n\n\n\n<li>Los incendios forestales arrasaron aproximadamente 1 034 550 hect\u00e1reas, la mayor superficie registrada hasta la fecha.<\/li>\n\n\n\n<li>Los caudales fluviales estuvieron por debajo de la media durante 11 meses del a\u00f1o en toda Europa, y el 70 % de los r\u00edos registraron caudales anuales inferiores a la media.<\/li>\n\n\n\n<li>Las tormentas y las inundaciones afectaron a miles de personas en toda Europa, aunque las lluvias extremas y las inundaciones fueron menos generalizadas que en los \u00faltimos a\u00f1os.<\/li>\n\n\n\n<li>Las energ\u00edas renovables suministraron casi la mitad (46,4 %) de la electricidad de Europa en 2025, y la energ\u00eda solar alcanz\u00f3 un nuevo r\u00e9cord de contribuci\u00f3n del 12,5 %.<\/li>\n\n\n\n<li>La biodiversidad es vital para un futuro sostenible, pero el cambio clim\u00e1tico es una de las principales causas de su degradaci\u00f3n. El cambio clim\u00e1tico y la biodiversidad est\u00e1n estrechamente relacionados en las pol\u00edticas y los marcos normativos europeos.<\/li>\n<\/ul>\n\n\n\n<p>wmo.int<\/p>\n","protected":false},"excerpt":{"rendered":"<p>El informe del CEPMPM y la OMM destaca los efectos del cambio clim\u00e1tico sobre las personas y la biodiversidad en el continente que se calienta m\u00e1s r\u00e1pidamente El r\u00e1pido calentamiento en Europa est\u00e1 reduciendo la capa de nieve y hielo, mientras que las temperaturas del aire peligrosamente altas, la sequ\u00eda, las olas de calor y [&hellip;]<\/p>\n","protected":false},"author":1,"featured_media":207807,"comment_status":"open","ping_status":"open","sticky":false,"template":"","format":"standard","meta":{"_acf_changed":false,"_jetpack_memberships_contains_paid_content":false,"footnotes":"","jetpack_publicize_message":"","jetpack_publicize_feature_enabled":true,"jetpack_social_post_already_shared":true,"jetpack_social_options":{"image_generator_settings":{"template":"highway","default_image_id":0,"font":"","enabled":false},"version":2}},"categories":[6],"tags":[],"class_list":["post-207806","post","type-post","status-publish","format-standard","has-post-thumbnail","hentry","category-ecologia"],"acf":[],"jetpack_publicize_connections":[],"jetpack_featured_media_url":"https:\/\/i0.wp.com\/sportseco.com\/wp-content\/uploads\/2026\/04\/Thumbnails-22026.jpg?fit=1536%2C1024&ssl=1","jetpack_sharing_enabled":true,"_links":{"self":[{"href":"https:\/\/sportseco.com\/index.php?rest_route=\/wp\/v2\/posts\/207806","targetHints":{"allow":["GET"]}}],"collection":[{"href":"https:\/\/sportseco.com\/index.php?rest_route=\/wp\/v2\/posts"}],"about":[{"href":"https:\/\/sportseco.com\/index.php?rest_route=\/wp\/v2\/types\/post"}],"author":[{"embeddable":true,"href":"https:\/\/sportseco.com\/index.php?rest_route=\/wp\/v2\/users\/1"}],"replies":[{"embeddable":true,"href":"https:\/\/sportseco.com\/index.php?rest_route=%2Fwp%2Fv2%2Fcomments&post=207806"}],"version-history":[{"count":1,"href":"https:\/\/sportseco.com\/index.php?rest_route=\/wp\/v2\/posts\/207806\/revisions"}],"predecessor-version":[{"id":207808,"href":"https:\/\/sportseco.com\/index.php?rest_route=\/wp\/v2\/posts\/207806\/revisions\/207808"}],"wp:featuredmedia":[{"embeddable":true,"href":"https:\/\/sportseco.com\/index.php?rest_route=\/wp\/v2\/media\/207807"}],"wp:attachment":[{"href":"https:\/\/sportseco.com\/index.php?rest_route=%2Fwp%2Fv2%2Fmedia&parent=207806"}],"wp:term":[{"taxonomy":"category","embeddable":true,"href":"https:\/\/sportseco.com\/index.php?rest_route=%2Fwp%2Fv2%2Fcategories&post=207806"},{"taxonomy":"post_tag","embeddable":true,"href":"https:\/\/sportseco.com\/index.php?rest_route=%2Fwp%2Fv2%2Ftags&post=207806"}],"curies":[{"name":"wp","href":"https:\/\/api.w.org\/{rel}","templated":true}]}}