{"id":207812,"date":"2026-04-30T17:40:39","date_gmt":"2026-04-30T21:40:39","guid":{"rendered":"https:\/\/sportseco.com\/?p=207812"},"modified":"2026-04-30T17:40:39","modified_gmt":"2026-04-30T21:40:39","slug":"cronica-del-braga-freiburg-2-1-de-la-ida-de-semifinales-de-la-europa-league-dorgeles-firma-el-triunfo-luso","status":"publish","type":"post","link":"https:\/\/sportseco.com\/?p=207812","title":{"rendered":"Cr\u00f3nica del Braga &#8211; Freiburg 2-1 de la ida de semifinales de la Europa League: Dorgeles firma el triunfo luso"},"content":{"rendered":"\n<p>El gol del marfile\u00f1o, en el tiempo de descuento, da una ligera renta al Braga de cara al partido de vuelta en Alemania.<\/p>\n\n\n\n<figure class=\"wp-block-image\"><img data-recalc-dims=\"1\" decoding=\"async\" src=\"https:\/\/i0.wp.com\/editorial.uefa.com\/resources\/02a4-20840433075d-79f9c6212b4a-1000\/format\/wide1\/sc_braga_v_sc_freiburg_-_uefa_europa_league_2025_26_semi-final_first_leg.jpeg?w=640&#038;ssl=1\" alt=\"Cr\u00f3nica del Braga - Freiburg 2-1 de la ida de semifinales de la Europa League: Dorgeles firma el triunfo luso\" title=\"Cr\u00f3nica del Braga - Freiburg 2-1 de la ida de semifinales de la Europa League: Dorgeles firma el triunfo luso\"\/><\/figure>\n\n\n\n<p>UEFA via Getty Images<\/p>\n\n\n\n<p>Mario Dorgeles se visti\u00f3 de \u00e1ngel para dar el triunfo al Braga en la ida de semifinales de la UEFA Europa League. Los locales se llevan una ligera renta a Alemania para la vuelta.<\/p>\n\n\n\n<p><strong>Momentos clave<\/strong><\/p>\n\n\n\n<p><strong>8&#8242;<\/strong>&nbsp;Demir Ege T\u0131knaz adelanta a los suyos a pase de V\u00edctor G\u00f3mez<br \/><strong>16&#8242;<\/strong>&nbsp;Vincenzo Grifo culmina una contra de Beste<br \/><strong>45&#8217;+1&#8242;<\/strong>&nbsp;Atubolu detiene el penalti a Rodrigo Zalazar<br \/><strong>64&#8242;<\/strong>&nbsp;Gran intervenci\u00f3n de Luk\u00e1\u0161 Horn\u00ed\u010dek ante Eggestein<br \/><strong>90&#8217;+1&#8242;<\/strong>&nbsp;Dorgeles dio el triunfo a los suyos<\/p>\n\n\n\n<h3 class=\"wp-block-heading\"><strong>El partido en 60 segundos<\/strong><\/h3>\n\n\n\n<p>Los primeros 15 minutos del partido fueron trepidantes, en los que ambos conjuntos dejaron claras sus intenciones de llegar a la final haci\u00e9ndose sentir en el marcador. El primero en hacerlo fue el Braga, que se adelant\u00f3 por medio de Demir Ege T\u0131knaz, que punte\u00f3 a la red un buen pase raso de V\u00edctor G\u00f3mez a los ocho minutos.<\/p>\n\n\n\n<p>Ese gol no amilan\u00f3 a los visitantes, que empataron el encuentro por medio de Vincenzo Grifo. El capit\u00e1n culmin\u00f3 una contra comandada por Beste y defini\u00f3 a placer tras recibir solo dentro del \u00e1rea grande. Rodrigo Zalazar tuvo la oportunidad de dar la ventaja a los locales al filo del descanso, pero fall\u00f3 desde los once metros.<a href=\"https:\/\/www.uefa.com\/uefaeuropaleague\/match\/2048143--braga-vs-freiburg\/\"><\/a><\/p>\n\n\n\n<p>Tras la reanudaci\u00f3n fueron los germanos los que gozaron de la mejor ocasi\u00f3n, cuando Maximilian Eggestein lanz\u00f3 un potente disparo desde el \u00e1rea por la izquierda, pero se encontr\u00f3 con la espectacular estirada de Luk\u00e1\u0161 Horn\u00ed\u010dek para negar el gol sobre la hora de encuentro.<\/p>\n\n\n\n<p>Parec\u00eda que el partido se saldar\u00eda con empate, pero Mario Dorgeles ten\u00eda otros planes. El jugador que reemplaz\u00f3 a Ricardo Horta se visti\u00f3 de h\u00e9roe en el 91&#8242; para mandar a la red un mal despeje del portero Noah Atubolu y desatar la locura en el Est\u00e1dio Municipal de Braga.<\/p>\n\n\n\n<figure class=\"wp-block-image\"><img data-recalc-dims=\"1\" decoding=\"async\" src=\"https:\/\/i0.wp.com\/editorial.uefa.com\/resources\/02a4-2083fc45f275-72874d64d2ac-1000\/format\/wide1\/sc_braga_v_sc_freiburg_-_uefa_europa_league_2025_26_semi-final_first_leg.jpeg?w=640&#038;ssl=1\" alt=\"\" title=\"\"\/><\/figure>\n\n\n\n<p>Getty Images<\/p>\n\n\n\n<h3 class=\"wp-block-heading\"><strong>Juan D\u00edaz, reportero de UEFA.com<\/strong><\/h3>\n\n\n\n<p>Vital triunfo para un Braga que le cost\u00f3 generar acci\u00f3nes frente a un Freiburg que respondi\u00f3 con el gol de Vincenzo Grifo y con la parada sublima de Noah Atubolu en el lanzamiento de penalti. Al final, como si de un gui\u00f3n de pel\u00edcula se tratara, Mario Dorgeles firm\u00f3 la victoria con&nbsp;<em>suspense&nbsp;<\/em>y todo se decidir\u00e1 en Alemania dentro de una semana.<\/p>\n\n\n\n<h3 class=\"wp-block-heading\"><strong>Reacciones<\/strong><\/h3>\n\n\n\n<p><em>Pr\u00f3ximamente<\/em><\/p>\n\n\n\n<h3 class=\"wp-block-heading\"><strong>Datos clave<\/strong><\/h3>\n\n\n\n<p>\u2022 Fue el primer partido UEFA entre ambos conjuntos<br \/>\u2022 El Braga ha ganado seis de sus \u00faltimos siete partidos UEFA ante clubes germanos<br \/>\u2022 El cuadro luso ha marcado el primer gol en los diez partidos de la UEFA Europa League que ha disputado en casa este curso<br \/>\u2022 T\u0131knaz marc\u00f3 su primer gol en la competici\u00f3n<br \/>\u2022 Vincenzo Grifo ha marcado cinco de los 22 goles del Braga este curso<br \/>\u2022 Solo dos de los \u00faltimos 35 partidos del Freiburg en competici\u00f3n UEFA han terminado sin que se haya marcado un gol.<\/p>\n\n\n\n<h3 class=\"wp-block-heading\"><strong>Alineaciones<\/strong><\/h3>\n\n\n\n<p><strong>Braga<\/strong>: Horn\u00ed\u010dek; Victor G\u00f3mez, Vitor Carvalho, Paulo Oliveira, Lagerbielke; Demir Ege T\u0131knaz, Jo\u00e3o Moutinho, Gorby; Zalazar (Fran Navarro, 73&#8242;), Pau V\u00edctor, Ricardo Horta (Dorgeles, 25&#8242;)<\/p>\n\n\n\n<p><strong>Freiburg<\/strong>: Atubolu; Treu, Ginter, Lienhart, Makengo; Eggestein, Manzambi; Beste, Suzuki (H\u00f6ler, 82&#8242;), Grifo (Scherhant, 82&#8242;); Matanovi\u0107<\/p>\n\n\n\n<p>\u00bfLo pr\u00f3ximo?<\/p>\n\n\n\n<p>El&nbsp;<a href=\"https:\/\/es.uefa.com\/uefaeuropaleague\/match\/2048145--freiburg-vs-braga\/\">partido de vuelta se disputar\u00e1 en Alemania<\/a>&nbsp;el jueves 7 de mayo, y el ganador de la eliminatoria pasar\u00e1 a la final que se celebrar\u00e1 en Estambul trece d\u00edas despu\u00e9s.<\/p>\n\n\n\n<p>\u00a9 1998-2026 UEFA. All rights reserved.<\/p>\n","protected":false},"excerpt":{"rendered":"<p>El gol del marfile\u00f1o, en el tiempo de descuento, da una ligera renta al Braga de cara al partido de vuelta en Alemania. UEFA via Getty Images Mario Dorgeles se visti\u00f3 de \u00e1ngel para dar el triunfo al Braga en la ida de semifinales de la UEFA Europa League. Los locales se llevan una ligera [&hellip;]<\/p>\n","protected":false},"author":1,"featured_media":207813,"comment_status":"open","ping_status":"open","sticky":false,"template":"","format":"standard","meta":{"_acf_changed":false,"_jetpack_memberships_contains_paid_content":false,"footnotes":"","jetpack_publicize_message":"","jetpack_publicize_feature_enabled":true,"jetpack_social_post_already_shared":true,"jetpack_social_options":{"image_generator_settings":{"template":"highway","default_image_id":0,"font":"","enabled":false},"version":2}},"categories":[5],"tags":[],"class_list":["post-207812","post","type-post","status-publish","format-standard","has-post-thumbnail","hentry","category-futbol"],"acf":[],"jetpack_publicize_connections":[],"jetpack_featured_media_url":"https:\/\/i0.wp.com\/sportseco.com\/wp-content\/uploads\/2026\/04\/sc_braga_v_sc_freiburg_-_uefa_europa_league_2025_26_semi-final_first_leg.webp?fit=988%2C556&ssl=1","jetpack_sharing_enabled":true,"_links":{"self":[{"href":"https:\/\/sportseco.com\/index.php?rest_route=\/wp\/v2\/posts\/207812","targetHints":{"allow":["GET"]}}],"collection":[{"href":"https:\/\/sportseco.com\/index.php?rest_route=\/wp\/v2\/posts"}],"about":[{"href":"https:\/\/sportseco.com\/index.php?rest_route=\/wp\/v2\/types\/post"}],"author":[{"embeddable":true,"href":"https:\/\/sportseco.com\/index.php?rest_route=\/wp\/v2\/users\/1"}],"replies":[{"embeddable":true,"href":"https:\/\/sportseco.com\/index.php?rest_route=%2Fwp%2Fv2%2Fcomments&post=207812"}],"version-history":[{"count":1,"href":"https:\/\/sportseco.com\/index.php?rest_route=\/wp\/v2\/posts\/207812\/revisions"}],"predecessor-version":[{"id":207814,"href":"https:\/\/sportseco.com\/index.php?rest_route=\/wp\/v2\/posts\/207812\/revisions\/207814"}],"wp:featuredmedia":[{"embeddable":true,"href":"https:\/\/sportseco.com\/index.php?rest_route=\/wp\/v2\/media\/207813"}],"wp:attachment":[{"href":"https:\/\/sportseco.com\/index.php?rest_route=%2Fwp%2Fv2%2Fmedia&parent=207812"}],"wp:term":[{"taxonomy":"category","embeddable":true,"href":"https:\/\/sportseco.com\/index.php?rest_route=%2Fwp%2Fv2%2Fcategories&post=207812"},{"taxonomy":"post_tag","embeddable":true,"href":"https:\/\/sportseco.com\/index.php?rest_route=%2Fwp%2Fv2%2Ftags&post=207812"}],"curies":[{"name":"wp","href":"https:\/\/api.w.org\/{rel}","templated":true}]}}