{"id":207824,"date":"2026-05-01T08:51:24","date_gmt":"2026-05-01T12:51:24","guid":{"rendered":"https:\/\/sportseco.com\/?p=207824"},"modified":"2026-05-01T08:51:24","modified_gmt":"2026-05-01T12:51:24","slug":"dia-de-vesak-1-de-mayo","status":"publish","type":"post","link":"https:\/\/sportseco.com\/?p=207824","title":{"rendered":"D\u00eda de Vesak, 1 de mayo"},"content":{"rendered":"\n<p><img data-recalc-dims=\"1\" decoding=\"async\" src=\"https:\/\/i0.wp.com\/www.un.org\/sites\/un2.un.org\/files\/styles\/banner-image-style-27-10\/public\/2021\/04\/lumbini.jpg?w=640&#038;ssl=1\" alt=\"Lumbini, en Nepal, fue inscrito en 1997 como el lugar del nacimiento de Buda.\"\/><\/p>\n\n\n\n<p>Siddhartha Gautama, el Se\u00f1or Buda, naci\u00f3 en 623 a. C. en los famosos jardines de Lumbini, que pronto se convirti\u00f3 en un lugar de peregrinaci\u00f3n.<\/p>\n\n\n\n<p><strong>Foto:<\/strong>ONU\/Servicios Web\/Pengfei Mi<\/p>\n\n\n\n<p>Vesak, el d\u00eda del plenilunio en el mes mayo, es el d\u00eda m\u00e1s sagrado para millones de budistas de todo el mundo. Fue en el d\u00eda de Vesak hace 2500 a\u00f1os, m\u00e1s exactamente en el a\u00f1o 623 a. C., cuando naci\u00f3 Buda. Asimismo, en este d\u00eda Buda alcanz\u00f3 la iluminaci\u00f3n y tambi\u00e9n fue el d\u00eda en el que falleci\u00f3 a los 80 a\u00f1os de edad.<\/p>\n\n\n\n<p>La Asamblea General, en su&nbsp;<a href=\"http:\/\/undocs.org\/es\/A\/RES\/54\/115\">resoluci\u00f3n 54\/115<\/a>, de 1999, se\u00f1ala el d\u00eda del plenilunio del mes de mayo como el d\u00eda m\u00e1s sagrado para los budistas, que conmemoran en esa fecha el nacimiento de Buda, su iluminaci\u00f3n y su tr\u00e1nsito. Tambi\u00e9n considera que el reconocimiento internacional en la Sede de las Naciones Unidas y otras oficinas de las Naciones Unidas constituye un homenaje a la contribuci\u00f3n que el budismo, una de las religiones m\u00e1s antiguas del mundo, ha aportado durante m\u00e1s de dos milenios y medio y contin\u00faa aportando a la espiritualidad de la humanidad. El D\u00eda de Vesak se conmemora anualmente en la Sede de la ONU y otras oficinas, en consulta con las oficinas pertinentes de la Organizaci\u00f3n y con las misiones permanentes.<\/p>\n\n\n\n<h3 class=\"wp-block-heading\">Antecedentes<\/h3>\n\n\n\n<p>Las ense\u00f1anzas de Buda y su mensaje de compasi\u00f3n, paz y buena voluntad han llegado al coraz\u00f3n de millones de personas, que siguen las ense\u00f1anzas de Buda en todo el mundo y conmemoran su nacimiento, su consecuci\u00f3n de la iluminaci\u00f3n y su muerte en este d\u00eda.<\/p>\n\n\n\n<p>En un mensaje del ex Secretario General, Javier P\u00e9rez de Cuellar, dirigido a los budistas en el D\u00eda de Vesak de mayo de 1986, dec\u00eda:<\/p>\n\n\n\n<p>Para los budistas de todo el mundo se trata indudablemente de una ocasi\u00f3n plena de felicidad, pues conmemoran el nacimiento, la iluminaci\u00f3n y la muerte de Gautama Buda. En d\u00eda tan se\u00f1alado celebran su mensaje de compasi\u00f3n, devoci\u00f3n y de servicio a la humanidad. Posiblemente, este mensaje es hoy en d\u00eda m\u00e1s relevante que nunca.<\/p>\n\n\n\n<p>La paz, la comprensi\u00f3n y una visi\u00f3n de la humanidad que trascienda las diferencias nacionales e internacionales son fundamentales para hacer frente a la complejidad de la era nuclear<\/p>\n\n\n\n<p>Esta filosof\u00eda est\u00e1 en el esp\u00edritu que anima la&nbsp;<a href=\"https:\/\/www.un.org\/es\/charter-united-nations\/\">Carta de las Naciones Unidas<\/a>&nbsp;y debe estar siempre presente en todas nuestras reflexiones, especialmente durante este A\u00f1o Internacional de la Paz.<\/p>\n\n\n\n<p><\/p>\n\n\n\n<p>un.org<\/p>\n","protected":false},"excerpt":{"rendered":"<p>Siddhartha Gautama, el Se\u00f1or Buda, naci\u00f3 en 623 a. C. en los famosos jardines de Lumbini, que pronto se convirti\u00f3 en un lugar de peregrinaci\u00f3n. Foto:ONU\/Servicios Web\/Pengfei Mi Vesak, el d\u00eda del plenilunio en el mes mayo, es el d\u00eda m\u00e1s sagrado para millones de budistas de todo el mundo. Fue en el d\u00eda de [&hellip;]<\/p>\n","protected":false},"author":1,"featured_media":207825,"comment_status":"open","ping_status":"open","sticky":false,"template":"","format":"standard","meta":{"_acf_changed":false,"_jetpack_memberships_contains_paid_content":false,"footnotes":"","jetpack_publicize_message":"","jetpack_publicize_feature_enabled":true,"jetpack_social_post_already_shared":true,"jetpack_social_options":{"image_generator_settings":{"template":"highway","default_image_id":0,"font":"","enabled":false},"version":2}},"categories":[108],"tags":[],"class_list":["post-207824","post","type-post","status-publish","format-standard","has-post-thumbnail","hentry","category-dia-mundial"],"acf":[],"jetpack_publicize_connections":[],"jetpack_featured_media_url":"https:\/\/i0.wp.com\/sportseco.com\/wp-content\/uploads\/2026\/05\/borobudur_temple_compounds_indonesia.jpg?fit=717%2C478&ssl=1","jetpack_sharing_enabled":true,"_links":{"self":[{"href":"https:\/\/sportseco.com\/index.php?rest_route=\/wp\/v2\/posts\/207824","targetHints":{"allow":["GET"]}}],"collection":[{"href":"https:\/\/sportseco.com\/index.php?rest_route=\/wp\/v2\/posts"}],"about":[{"href":"https:\/\/sportseco.com\/index.php?rest_route=\/wp\/v2\/types\/post"}],"author":[{"embeddable":true,"href":"https:\/\/sportseco.com\/index.php?rest_route=\/wp\/v2\/users\/1"}],"replies":[{"embeddable":true,"href":"https:\/\/sportseco.com\/index.php?rest_route=%2Fwp%2Fv2%2Fcomments&post=207824"}],"version-history":[{"count":1,"href":"https:\/\/sportseco.com\/index.php?rest_route=\/wp\/v2\/posts\/207824\/revisions"}],"predecessor-version":[{"id":207826,"href":"https:\/\/sportseco.com\/index.php?rest_route=\/wp\/v2\/posts\/207824\/revisions\/207826"}],"wp:featuredmedia":[{"embeddable":true,"href":"https:\/\/sportseco.com\/index.php?rest_route=\/wp\/v2\/media\/207825"}],"wp:attachment":[{"href":"https:\/\/sportseco.com\/index.php?rest_route=%2Fwp%2Fv2%2Fmedia&parent=207824"}],"wp:term":[{"taxonomy":"category","embeddable":true,"href":"https:\/\/sportseco.com\/index.php?rest_route=%2Fwp%2Fv2%2Fcategories&post=207824"},{"taxonomy":"post_tag","embeddable":true,"href":"https:\/\/sportseco.com\/index.php?rest_route=%2Fwp%2Fv2%2Ftags&post=207824"}],"curies":[{"name":"wp","href":"https:\/\/api.w.org\/{rel}","templated":true}]}}