{"id":213756,"date":"2026-08-31T08:00:12","date_gmt":"2026-08-31T12:00:12","guid":{"rendered":"https:\/\/sportseco.com\/?p=213756"},"modified":"2026-08-31T08:00:12","modified_gmt":"2026-08-31T12:00:12","slug":"dia-internacional-de-los-afrodescendientes-31-de-agosto-2","status":"publish","type":"post","link":"https:\/\/sportseco.com\/?p=213756","title":{"rendered":"D\u00eda Internacional de los Afrodescendientes, 31 de agosto"},"content":{"rendered":"\n<p><img data-recalc-dims=\"1\" decoding=\"async\" src=\"https:\/\/i0.wp.com\/www.un.org\/sites\/un2.un.org\/files\/styles\/banner-image-style-27-10\/public\/ipoad_hero.jpg?w=640&#038;ssl=1\" alt=\"Cuatro j\u00f3venes de ascendencia africana est\u00e1n sentados al aire libre charlando.\"\/><\/p>\n\n\n\n<p>Los j\u00f3venes y las j\u00f3venes son los que est\u00e1n cambiando las cosas: defienden la justicia, dan forma a las soluciones y construyen un futuro en el que se reconozcan plenamente los derechos de las personas afrodescendientes.<\/p>\n\n\n\n<p><strong>Foto:<\/strong>Adobe Stock\/Daniel Ernst<\/p>\n\n\n\n<h2 class=\"wp-block-heading\">Justicia reparadora y&nbsp;liderazgo juvenil&nbsp;<\/h2>\n\n\n\n<p>El D\u00eda Internacional de los Afrodescendientes de 2026 se celebra bajo el lema \u00abAmpliar los derechos humanos de los afrodescendientes\u00bb en el marco del Segundo Decenio Internacional de los Afrodescendientes (2025-2034). Partiendo de los logros del primer&nbsp;Decenio Internacional, esta celebraci\u00f3n reafirma el compromiso con el reconocimiento, la justicia y el desarrollo, al tiempo que acelera las medidas para hacer frente a las desigualdades persistentes, el racismo sist\u00e9mico y las repercusiones duraderas de la esclavitud racializada y el colonialismo.&nbsp;<\/p>\n\n\n\n<p>La celebraci\u00f3n de 2026 tiene como objetivo ampliar los derechos humanos de las personas de ascendencia africana mediante medidas jur\u00eddicas, pol\u00edticas e institucionales m\u00e1s s\u00f3lidas para combatir el racismo, la discriminaci\u00f3n racial, la xenofobia y las formas conexas de intolerancia. Asimismo, subraya la importancia de garantizar el pleno disfrute de los derechos econ\u00f3micos, sociales, culturales, civiles y pol\u00edticos, al tiempo que se promueve la igualdad de acceso a la educaci\u00f3n, el empleo, la asistencia sanitaria, la vivienda y las oportunidades econ\u00f3micas. Estas prioridades reflejan los objetivos de la Segunda D\u00e9cada Internacional y se basan en los esfuerzos por aumentar la visibilidad, la sensibilizaci\u00f3n y el respeto hacia las personas de ascendencia africana y sus contribuciones a la sociedad.<\/p>\n\n\n\n<p>Este a\u00f1o se analiza la justicia reparadora a trav\u00e9s de la restituci\u00f3n de bienes culturales, la situaci\u00f3n de los derechos humanos de los j\u00f3venes afrodescendientes y el 25.\u00ba aniversario de la Declaraci\u00f3n y el Programa de Acci\u00f3n de Durban como una oportunidad para reflexionar sobre c\u00f3mo convertir los compromisos existentes en materia de derechos humanos en acciones concretas. En consonancia con la Declaraci\u00f3n y el Programa de Acci\u00f3n de Durban, estas conversaciones reforzar\u00e1n los esfuerzos internacionales para hacer frente a las consecuencias persistentes del racismo, la discriminaci\u00f3n racial, la trata transatl\u00e1ntica de esclavos, la esclavitud racializada y el colonialismo mediante una cooperaci\u00f3n sostenida y medidas concretas.<\/p>\n\n\n\n<figure class=\"wp-block-image\"><a href=\"https:\/\/www.un.org\/en\/observances\/decade-people-african-descent\"><img data-recalc-dims=\"1\" decoding=\"async\" src=\"https:\/\/i0.wp.com\/www.un.org\/sites\/un2.un.org\/files\/ad_logo_colour.png?w=640&#038;ssl=1\" alt=\"\"\/><\/a><\/figure>\n\n\n\n<h3 class=\"wp-block-heading\"><a href=\"https:\/\/www.un.org\/en\/observances\/decade-people-african-descent\">Segundo Decenio Internacional para los Afrodescendientes<\/a>&nbsp;(2025-2034)<\/h3>\n\n\n\n<p>La Asamblea General de las Naciones Unidas proclam\u00f3 el&nbsp;Segundo Decenio Internacional para los Afrodescendientes con el fin de aprovechar los logros del Decenio Internacional y, al mismo tiempo, acelerar los esfuerzos para hacer frente a las desigualdades persistentes, el racismo sist\u00e9mico y las repercusiones duraderas de la esclavitud y el colonialismo.<\/p>\n\n\n\n<h3 class=\"wp-block-heading\">Impulsar el reconocimiento, la justicia y el desarrollo<\/h3>\n\n\n\n<p>La puesta en marcha del Segundo Decenio Internacional de las Personas Afrodescendientes muestra los avances logrados durante el primer Decenio as\u00ed como los importantes retos por superar. El a\u00f1o 2024 marc\u00f3 la conclusi\u00f3n del Decenio Internacional, durante el cual se lograron avances a nivel legislativo, normativo e institucional.&nbsp;Sin embargo, las personas afrodescendientes siguen sufriendo formas interseccionales y agravadas de discriminaci\u00f3n racial, marginaci\u00f3n y exclusi\u00f3n. La persistente falta de reconocimiento sigue constituyendo un obst\u00e1culo para el disfrute pleno y efectivo de los derechos humanos. Estos retos continuos ponen de manifiesto la necesidad de que la comunidad internacional siga prestando atenci\u00f3n y adoptando medidas para promover los derechos y el bienestar de las personas de ascendencia africana.<\/p>\n\n\n\n<h3 class=\"wp-block-heading\">Del progreso a la acci\u00f3n<\/h3>\n\n\n\n<p>Partiendo de estos avances, este Segundo Decenio ofrece un marco renovado para la colaboraci\u00f3n entre las Naciones Unidas, los Estados miembros, la sociedad civil y las personas afrodescendientes. Los debates mundiales sobre justicia racial, junto con las iniciativas para reforzar las medidas jur\u00eddicas, normativas e institucionales, han consolidado los esfuerzos para combatir el racismo, la discriminaci\u00f3n racial, la xenofobia y las formas conexas de intolerancia.&nbsp;Los gobiernos tambi\u00e9n han adoptado medidas para mejorar la visibilidad estad\u00edstica de las personas de ascendencia africana, con el fin de contribuir a subsanar las injusticias hist\u00f3ricas y las desigualdades en el acceso a la asistencia sanitaria, los servicios sociales y las oportunidades. Sin embargo, siguen siendo esenciales nuevas medidas, voluntad pol\u00edtica e inversi\u00f3n sostenida para eliminar las desigualdades y garantizar el pleno disfrute de los derechos econ\u00f3micos, sociales, culturales, civiles y pol\u00edticos. A trav\u00e9s de una cooperaci\u00f3n constante y de acciones concretas, el Segundo Decenio Internacional ofrece un marco para traducir los compromisos existentes en medidas concretas que promuevan el reconocimiento, la justicia y el desarrollo, y ampl\u00eden los derechos humanos de las personas afrodescendientes en todo el mundo.<\/p>\n\n\n\n<figure class=\"wp-block-embed is-type-video is-provider-youtube wp-block-embed-youtube wp-embed-aspect-16-9 wp-has-aspect-ratio\"><div class=\"wp-block-embed__wrapper\">\n<iframe loading=\"lazy\" title=\"Cambio transformador - combate el racismo sist\u00e9mico\" width=\"640\" height=\"360\" src=\"https:\/\/www.youtube.com\/embed\/n7dkSWbJbTM?feature=oembed\" frameborder=\"0\" allow=\"accelerometer; autoplay; clipboard-write; encrypted-media; gyroscope; picture-in-picture; web-share\" referrerpolicy=\"strict-origin-when-cross-origin\" allowfullscreen><\/iframe>\n<\/div><\/figure>\n\n\n\n<p>un.org<\/p>\n","protected":false},"excerpt":{"rendered":"<p>Los j\u00f3venes y las j\u00f3venes son los que est\u00e1n cambiando las cosas: defienden la justicia, dan forma a las soluciones y construyen un futuro en el que se reconozcan plenamente los derechos de las personas afrodescendientes. Foto:Adobe Stock\/Daniel Ernst Justicia reparadora y&nbsp;liderazgo juvenil&nbsp; El D\u00eda Internacional de los Afrodescendientes de 2026 se celebra bajo el [&hellip;]<\/p>\n","protected":false},"author":1,"featured_media":213757,"comment_status":"open","ping_status":"open","sticky":false,"template":"","format":"standard","meta":{"_acf_changed":false,"_jetpack_newsletter_access":"","_jetpack_dont_email_post_to_subs":false,"_jetpack_newsletter_tier_id":0,"_jetpack_memberships_contains_paywalled_content":false,"_jetpack_feature_clip_id":0,"_jetpack_memberships_contains_paid_content":false,"footnotes":"","jetpack_publicize_message":"","jetpack_publicize_feature_enabled":true,"jetpack_social_post_already_shared":true,"jetpack_social_options":{"image_generator_settings":{"template":"highway","default_image_id":0,"font":"","enabled":false},"version":2},"jetpack_post_was_ever_published":false},"categories":[108],"tags":[],"class_list":["post-213756","post","type-post","status-publish","format-standard","has-post-thumbnail","hentry","category-dia-mundial"],"acf":[],"jetpack_publicize_connections":[],"jetpack_sharing_enabled":true,"jetpack_featured_media_url":"https:\/\/i0.wp.com\/sportseco.com\/wp-content\/uploads\/2026\/08\/ipoad_hero.jpg?fit=1350%2C500&ssl=1","_links":{"self":[{"href":"https:\/\/sportseco.com\/index.php?rest_route=\/wp\/v2\/posts\/213756","targetHints":{"allow":["GET"]}}],"collection":[{"href":"https:\/\/sportseco.com\/index.php?rest_route=\/wp\/v2\/posts"}],"about":[{"href":"https:\/\/sportseco.com\/index.php?rest_route=\/wp\/v2\/types\/post"}],"author":[{"embeddable":true,"href":"https:\/\/sportseco.com\/index.php?rest_route=\/wp\/v2\/users\/1"}],"replies":[{"embeddable":true,"href":"https:\/\/sportseco.com\/index.php?rest_route=%2Fwp%2Fv2%2Fcomments&post=213756"}],"version-history":[{"count":1,"href":"https:\/\/sportseco.com\/index.php?rest_route=\/wp\/v2\/posts\/213756\/revisions"}],"predecessor-version":[{"id":213758,"href":"https:\/\/sportseco.com\/index.php?rest_route=\/wp\/v2\/posts\/213756\/revisions\/213758"}],"wp:featuredmedia":[{"embeddable":true,"href":"https:\/\/sportseco.com\/index.php?rest_route=\/wp\/v2\/media\/213757"}],"wp:attachment":[{"href":"https:\/\/sportseco.com\/index.php?rest_route=%2Fwp%2Fv2%2Fmedia&parent=213756"}],"wp:term":[{"taxonomy":"category","embeddable":true,"href":"https:\/\/sportseco.com\/index.php?rest_route=%2Fwp%2Fv2%2Fcategories&post=213756"},{"taxonomy":"post_tag","embeddable":true,"href":"https:\/\/sportseco.com\/index.php?rest_route=%2Fwp%2Fv2%2Ftags&post=213756"}],"curies":[{"name":"wp","href":"https:\/\/api.w.org\/{rel}","templated":true}]}}