{"id":213772,"date":"2026-08-31T08:33:22","date_gmt":"2026-08-31T12:33:22","guid":{"rendered":"https:\/\/sportseco.com\/?p=213772"},"modified":"2026-08-31T08:33:22","modified_gmt":"2026-08-31T12:33:22","slug":"tarde-de-futbol-la-seleccion-entra-en-ritmo","status":"publish","type":"post","link":"https:\/\/sportseco.com\/?p=213772","title":{"rendered":"\u00a1Tarde de f\u00fatbol! La Selecci\u00f3n entra en ritmo"},"content":{"rendered":"\n<p>La pr\u00e1ctica comenz\u00f3 a las&nbsp;<strong>2:30 de la tarde<\/strong>&nbsp;y se extendi\u00f3 durante dos horas. A lo largo de la sesi\u00f3n, el grupo trabaj\u00f3 diferentes ejercicios orientados a mejorar la&nbsp;<strong>coordinaci\u00f3n, circulaci\u00f3n de bal\u00f3n, movimientos t\u00e1cticos y funcionamiento colectivo<\/strong>, buscando afianzar las herramientas necesarias para afrontar los retos de la competencia.<\/p>\n\n\n\n<p>Posteriormente,&nbsp;<strong>Michael Fl\u00f3rez y el director t\u00e9cnico Carlos Paniagua condujeron la segunda fase de la pr\u00e1ctica<\/strong>, enfocada en desarrollar movimientos t\u00e1cticos y t\u00e9cnicos, con especial atenci\u00f3n en la ocupaci\u00f3n de espacios y la toma de decisiones en situaciones de juego.<\/p>\n\n\n\n<p>Al finalizar el d\u00eda,&nbsp;<strong>se espera la llegada de la arquera Luisa Agudelo.&nbsp;<\/strong>A continuaci\u00f3n el resumen de la jornada:<\/p>\n\n\n\n<figure class=\"wp-block-embed is-type-video is-provider-youtube wp-block-embed-youtube wp-embed-aspect-16-9 wp-has-aspect-ratio\"><div class=\"wp-block-embed__wrapper\">\n<iframe loading=\"lazy\" title=\"Entrenamiento | Selecci\u00f3n Colombia Femenina Sub 20 desde Polonia\" width=\"640\" height=\"360\" src=\"https:\/\/www.youtube.com\/embed\/SeCpuPMpufw?feature=oembed\" frameborder=\"0\" allow=\"accelerometer; autoplay; clipboard-write; encrypted-media; gyroscope; picture-in-picture; web-share\" referrerpolicy=\"strict-origin-when-cross-origin\" allowfullscreen><\/iframe>\n<\/div><\/figure>\n\n\n\n<figure class=\"wp-block-embed is-type-rich is-provider-gestor-del-servicio wp-block-embed-gestor-del-servicio\"><div class=\"wp-block-embed__wrapper\">\nhttps:\/\/youtube.com\/watch?v=SeCpuPMpufw%3Ffeature%3Doembed\n<\/div><\/figure>\n\n\n\n<p>fcf.com.co<\/p>\n","protected":false},"excerpt":{"rendered":"<p>La pr\u00e1ctica comenz\u00f3 a las&nbsp;2:30 de la tarde&nbsp;y se extendi\u00f3 durante dos horas. A lo largo de la sesi\u00f3n, el grupo trabaj\u00f3 diferentes ejercicios orientados a mejorar la&nbsp;coordinaci\u00f3n, circulaci\u00f3n de bal\u00f3n, movimientos t\u00e1cticos y funcionamiento colectivo, buscando afianzar las herramientas necesarias para afrontar los retos de la competencia. Posteriormente,&nbsp;Michael Fl\u00f3rez y el director t\u00e9cnico Carlos [&hellip;]<\/p>\n","protected":false},"author":1,"featured_media":213774,"comment_status":"open","ping_status":"open","sticky":false,"template":"","format":"standard","meta":{"_acf_changed":false,"_jetpack_newsletter_access":"","_jetpack_dont_email_post_to_subs":false,"_jetpack_newsletter_tier_id":0,"_jetpack_memberships_contains_paywalled_content":false,"_jetpack_feature_clip_id":0,"_jetpack_memberships_contains_paid_content":false,"footnotes":"","jetpack_publicize_message":"","jetpack_publicize_feature_enabled":true,"jetpack_social_post_already_shared":true,"jetpack_social_options":{"image_generator_settings":{"template":"highway","default_image_id":0,"font":"","enabled":false},"version":2},"jetpack_post_was_ever_published":false},"categories":[5],"tags":[],"class_list":["post-213772","post","type-post","status-publish","format-standard","has-post-thumbnail","hentry","category-futbol"],"acf":[],"jetpack_publicize_connections":[],"jetpack_sharing_enabled":true,"jetpack_featured_media_url":"https:\/\/i0.wp.com\/sportseco.com\/wp-content\/uploads\/2026\/08\/SMR4166.jpg?fit=2048%2C1363&ssl=1","_links":{"self":[{"href":"https:\/\/sportseco.com\/index.php?rest_route=\/wp\/v2\/posts\/213772","targetHints":{"allow":["GET"]}}],"collection":[{"href":"https:\/\/sportseco.com\/index.php?rest_route=\/wp\/v2\/posts"}],"about":[{"href":"https:\/\/sportseco.com\/index.php?rest_route=\/wp\/v2\/types\/post"}],"author":[{"embeddable":true,"href":"https:\/\/sportseco.com\/index.php?rest_route=\/wp\/v2\/users\/1"}],"replies":[{"embeddable":true,"href":"https:\/\/sportseco.com\/index.php?rest_route=%2Fwp%2Fv2%2Fcomments&post=213772"}],"version-history":[{"count":1,"href":"https:\/\/sportseco.com\/index.php?rest_route=\/wp\/v2\/posts\/213772\/revisions"}],"predecessor-version":[{"id":213775,"href":"https:\/\/sportseco.com\/index.php?rest_route=\/wp\/v2\/posts\/213772\/revisions\/213775"}],"wp:featuredmedia":[{"embeddable":true,"href":"https:\/\/sportseco.com\/index.php?rest_route=\/wp\/v2\/media\/213774"}],"wp:attachment":[{"href":"https:\/\/sportseco.com\/index.php?rest_route=%2Fwp%2Fv2%2Fmedia&parent=213772"}],"wp:term":[{"taxonomy":"category","embeddable":true,"href":"https:\/\/sportseco.com\/index.php?rest_route=%2Fwp%2Fv2%2Fcategories&post=213772"},{"taxonomy":"post_tag","embeddable":true,"href":"https:\/\/sportseco.com\/index.php?rest_route=%2Fwp%2Fv2%2Ftags&post=213772"}],"curies":[{"name":"wp","href":"https:\/\/api.w.org\/{rel}","templated":true}]}}