{"id":213801,"date":"2026-09-01T08:17:17","date_gmt":"2026-09-01T12:17:17","guid":{"rendered":"https:\/\/sportseco.com\/?p=213801"},"modified":"2026-09-01T08:17:17","modified_gmt":"2026-09-01T12:17:17","slug":"luisa-agudelo-se-integra-a-la-seleccion-colombia-femenina-sub-20","status":"publish","type":"post","link":"https:\/\/sportseco.com\/?p=213801","title":{"rendered":"Luisa Agudelo se integra a la Selecci\u00f3n Colombia Femenina Sub-20"},"content":{"rendered":"\n<p>La&nbsp;<strong>Selecci\u00f3n Colombia Femenina Sub-20<\/strong>&nbsp;contin\u00faa su preparaci\u00f3n en&nbsp;<strong>Warka, Polonia<\/strong>. Este lunes, 31 de agosto, la arquera&nbsp;<strong>Luisa Agudelo<\/strong>, se integr\u00f3 al grupo que adelanta desde hace cuatro d\u00edas trabajos en campo de cara a la Copa Mundial de la FIFA de la categor\u00eda.<\/p>\n\n\n\n<p>La arquera se suma al&nbsp;<strong>equipo dirigido por el director t\u00e9cnico Carlos Paniagua, fortaleciendo el plantel que contin\u00faa trabajando y ultimando detalles<\/strong>&nbsp;camino a la competencia.<\/p>\n\n\n\n<p>Con su llegada,<strong>&nbsp;el cuerpo t\u00e9cnico cuenta con una integrante m\u00e1s para continuar desarrollando los trabajos previstos durante los pr\u00f3ximos d\u00edas<\/strong>, en los que la Selecci\u00f3n Colombia Femenina Sub-20 mantendr\u00e1 su enfoque en los aspectos t\u00e1cticos, t\u00e9cnicos y f\u00edsicos de cara a sus compromisos.<\/p>\n\n\n\n<p>La&nbsp;<strong>Selecci\u00f3n Colombia Femenina Sub-20 seguir\u00e1 con su adaptaci\u00f3n en Warka,<\/strong>&nbsp;donde avanza en la puesta a punto para afrontar los desaf\u00edos que tendr\u00e1 el campeonato.<\/p>\n\n\n\n<figure class=\"wp-block-embed is-type-video is-provider-youtube wp-block-embed-youtube wp-embed-aspect-16-9 wp-has-aspect-ratio\"><div class=\"wp-block-embed__wrapper\">\n<iframe loading=\"lazy\" title=\"Entrenamiento | Selecci\u00f3n Colombia Femenina Sub20 desde Polonia\" width=\"640\" height=\"360\" src=\"https:\/\/www.youtube.com\/embed\/Gkj8T_hBRag?feature=oembed\" frameborder=\"0\" allow=\"accelerometer; autoplay; clipboard-write; encrypted-media; gyroscope; picture-in-picture; web-share\" referrerpolicy=\"strict-origin-when-cross-origin\" allowfullscreen><\/iframe>\n<\/div><\/figure>\n\n\n\n<figure class=\"wp-block-embed is-type-rich is-provider-gestor-del-servicio wp-block-embed-gestor-del-servicio\"><div class=\"wp-block-embed__wrapper\">\nhttps:\/\/youtube.com\/watch?v=Gkj8T_hBRag%3Ffeature%3Doembed\n<\/div><\/figure>\n\n\n\n<p>fcf.com.co<\/p>\n","protected":false},"excerpt":{"rendered":"<p>La&nbsp;Selecci\u00f3n Colombia Femenina Sub-20&nbsp;contin\u00faa su preparaci\u00f3n en&nbsp;Warka, Polonia. Este lunes, 31 de agosto, la arquera&nbsp;Luisa Agudelo, se integr\u00f3 al grupo que adelanta desde hace cuatro d\u00edas trabajos en campo de cara a la Copa Mundial de la FIFA de la categor\u00eda. La arquera se suma al&nbsp;equipo dirigido por el director t\u00e9cnico Carlos Paniagua, fortaleciendo el [&hellip;]<\/p>\n","protected":false},"author":1,"featured_media":213803,"comment_status":"open","ping_status":"open","sticky":false,"template":"","format":"standard","meta":{"_acf_changed":false,"_jetpack_newsletter_access":"","_jetpack_dont_email_post_to_subs":false,"_jetpack_newsletter_tier_id":0,"_jetpack_memberships_contains_paywalled_content":false,"_jetpack_feature_clip_id":0,"_jetpack_memberships_contains_paid_content":false,"footnotes":"","jetpack_publicize_message":"","jetpack_publicize_feature_enabled":true,"jetpack_social_post_already_shared":true,"jetpack_social_options":{"image_generator_settings":{"template":"highway","default_image_id":0,"font":"","enabled":false},"version":2},"jetpack_post_was_ever_published":false},"categories":[5],"tags":[],"class_list":["post-213801","post","type-post","status-publish","format-standard","has-post-thumbnail","hentry","category-futbol"],"acf":[],"jetpack_publicize_connections":[],"jetpack_sharing_enabled":true,"jetpack_featured_media_url":"https:\/\/i0.wp.com\/sportseco.com\/wp-content\/uploads\/2026\/09\/SMR5143.jpg?fit=1052%2C700&ssl=1","_links":{"self":[{"href":"https:\/\/sportseco.com\/index.php?rest_route=\/wp\/v2\/posts\/213801","targetHints":{"allow":["GET"]}}],"collection":[{"href":"https:\/\/sportseco.com\/index.php?rest_route=\/wp\/v2\/posts"}],"about":[{"href":"https:\/\/sportseco.com\/index.php?rest_route=\/wp\/v2\/types\/post"}],"author":[{"embeddable":true,"href":"https:\/\/sportseco.com\/index.php?rest_route=\/wp\/v2\/users\/1"}],"replies":[{"embeddable":true,"href":"https:\/\/sportseco.com\/index.php?rest_route=%2Fwp%2Fv2%2Fcomments&post=213801"}],"version-history":[{"count":1,"href":"https:\/\/sportseco.com\/index.php?rest_route=\/wp\/v2\/posts\/213801\/revisions"}],"predecessor-version":[{"id":213804,"href":"https:\/\/sportseco.com\/index.php?rest_route=\/wp\/v2\/posts\/213801\/revisions\/213804"}],"wp:featuredmedia":[{"embeddable":true,"href":"https:\/\/sportseco.com\/index.php?rest_route=\/wp\/v2\/media\/213803"}],"wp:attachment":[{"href":"https:\/\/sportseco.com\/index.php?rest_route=%2Fwp%2Fv2%2Fmedia&parent=213801"}],"wp:term":[{"taxonomy":"category","embeddable":true,"href":"https:\/\/sportseco.com\/index.php?rest_route=%2Fwp%2Fv2%2Fcategories&post=213801"},{"taxonomy":"post_tag","embeddable":true,"href":"https:\/\/sportseco.com\/index.php?rest_route=%2Fwp%2Fv2%2Ftags&post=213801"}],"curies":[{"name":"wp","href":"https:\/\/api.w.org\/{rel}","templated":true}]}}