{"id":213814,"date":"2026-09-01T20:11:51","date_gmt":"2026-09-02T00:11:51","guid":{"rendered":"https:\/\/sportseco.com\/?p=213814"},"modified":"2026-09-01T20:11:51","modified_gmt":"2026-09-02T00:11:51","slug":"boletin-diario-del-volcan-purace-cadena-volcanica-los-coconucos-del-1-de-septiembre-de-2026","status":"publish","type":"post","link":"https:\/\/sportseco.com\/?p=213814","title":{"rendered":"Bolet\u00edn diario del volc\u00e1n Purac\u00e9 &#8211; cadena volc\u00e1nica Los Coconucos del 1 de septiembre de 2026"},"content":{"rendered":"\n<p>Popay\u00e1n, 1 de septiembre de 2026, 2:30 p. m.<\/p>\n\n\n\n<p>Volc\u00e1n Purac\u00e9 &#8211; cadena volc\u00e1nica Los Coconucos&nbsp;<\/p>\n\n\n\n<p>Del seguimiento de la actividad en la cadena volc\u00e1nica Los Coconucos, el Servicio Geol\u00f3gico Colombiano (SGC), entidad adscrita al Ministerio de Minas y Energ\u00eda, informa que:&nbsp;<\/p>\n\n\n\n<p>\u200bDesde la publicaci\u00f3n del \u00faltimo bolet\u00edn, se mantiene en el registro un predominio de las se\u00f1ales s\u00edsmicas asociadas a la din\u00e1mica de fluidos en los conductos volc\u00e1nicos, especialmente de tipo tremor (TR), que contin\u00faan localiz\u00e1ndose bajo el cr\u00e1ter del volc\u00e1n Purac\u00e9 con profundidades menores a 1 km. Se mantiene el incremento en la sismicidad asociada al fracturamiento de roca (volcano-tect\u00f3nica, VT), tanto en n\u00famero como en energ\u00eda liberada, registr\u00e1ndose alrededor de 80 eventos, localizados entre 10 y 15 km al nororiente del volc\u00e1n Purac\u00e9, a profundidades entre 7 y 11 km (Figura 1).&nbsp;<\/p>\n\n\n\n<p>Adem\u00e1s, persiste el proceso de deformaci\u00f3n lento del suelo en el sector comprendido entre los volcanes Purac\u00e9, Piocollo y Curiquinga Desde las 2:00 p. m. del d\u00eda de ayer y hasta la hora de publicaci\u00f3n del presente bolet\u00edn, se registraron ocho emisiones de ceniza, con una altura m\u00e1xima de 240 m sobre la cima del volc\u00e1n (Figura 2). Algunas de ellas se pudieron divisar desde las veredas de Campamento, Alto Anamb\u00edo, Cristales y Chap\u00edo del municipio de Purac\u00e9 y desde la ciudad de Popay\u00e1n.&nbsp;<\/p>\n\n\n\n<ul class=\"wp-block-list\">\n<li>\u200b\u200b<a href=\"https:\/\/www2.sgc.gov.co\/Noticias\/boletinesDocumentos\/Boletin_Extraordinario_CVLC_sep_1_2026.pdf\" target=\"_blank\" rel=\"noreferrer noopener\">Consultar bolet\u00edn \u200be\u200b\u200bxt\u200b\u200bra\u200b\u200bor\u200bdinario completo.\u200b<\/a>\u200b<\/li>\n<\/ul>\n\n\n\n<p><\/p>\n\n\n\n<p><\/p>\n\n\n\n<p>sgc.gov.co<\/p>\n","protected":false},"excerpt":{"rendered":"<p>Popay\u00e1n, 1 de septiembre de 2026, 2:30 p. m. Volc\u00e1n Purac\u00e9 &#8211; cadena volc\u00e1nica Los Coconucos&nbsp; Del seguimiento de la actividad en la cadena volc\u00e1nica Los Coconucos, el Servicio Geol\u00f3gico Colombiano (SGC), entidad adscrita al Ministerio de Minas y Energ\u00eda, informa que:&nbsp; \u200bDesde la publicaci\u00f3n del \u00faltimo bolet\u00edn, se mantiene en el registro un predominio [&hellip;]<\/p>\n","protected":false},"author":1,"featured_media":213815,"comment_status":"open","ping_status":"open","sticky":false,"template":"","format":"standard","meta":{"_acf_changed":false,"_jetpack_newsletter_access":"","_jetpack_dont_email_post_to_subs":false,"_jetpack_newsletter_tier_id":0,"_jetpack_memberships_contains_paywalled_content":false,"_jetpack_feature_clip_id":0,"_jetpack_memberships_contains_paid_content":false,"footnotes":"","jetpack_publicize_message":"","jetpack_publicize_feature_enabled":true,"jetpack_social_post_already_shared":true,"jetpack_social_options":{"image_generator_settings":{"template":"highway","default_image_id":0,"font":"","enabled":false},"version":2},"jetpack_post_was_ever_published":false},"categories":[6],"tags":[],"class_list":["post-213814","post","type-post","status-publish","format-standard","has-post-thumbnail","hentry","category-ecologia"],"acf":[],"jetpack_publicize_connections":[],"jetpack_sharing_enabled":true,"jetpack_featured_media_url":"https:\/\/i0.wp.com\/sportseco.com\/wp-content\/uploads\/2026\/09\/Noticias-boletin-diario-1-septiembre.png?fit=860%2C605&ssl=1","_links":{"self":[{"href":"https:\/\/sportseco.com\/index.php?rest_route=\/wp\/v2\/posts\/213814","targetHints":{"allow":["GET"]}}],"collection":[{"href":"https:\/\/sportseco.com\/index.php?rest_route=\/wp\/v2\/posts"}],"about":[{"href":"https:\/\/sportseco.com\/index.php?rest_route=\/wp\/v2\/types\/post"}],"author":[{"embeddable":true,"href":"https:\/\/sportseco.com\/index.php?rest_route=\/wp\/v2\/users\/1"}],"replies":[{"embeddable":true,"href":"https:\/\/sportseco.com\/index.php?rest_route=%2Fwp%2Fv2%2Fcomments&post=213814"}],"version-history":[{"count":1,"href":"https:\/\/sportseco.com\/index.php?rest_route=\/wp\/v2\/posts\/213814\/revisions"}],"predecessor-version":[{"id":213816,"href":"https:\/\/sportseco.com\/index.php?rest_route=\/wp\/v2\/posts\/213814\/revisions\/213816"}],"wp:featuredmedia":[{"embeddable":true,"href":"https:\/\/sportseco.com\/index.php?rest_route=\/wp\/v2\/media\/213815"}],"wp:attachment":[{"href":"https:\/\/sportseco.com\/index.php?rest_route=%2Fwp%2Fv2%2Fmedia&parent=213814"}],"wp:term":[{"taxonomy":"category","embeddable":true,"href":"https:\/\/sportseco.com\/index.php?rest_route=%2Fwp%2Fv2%2Fcategories&post=213814"},{"taxonomy":"post_tag","embeddable":true,"href":"https:\/\/sportseco.com\/index.php?rest_route=%2Fwp%2Fv2%2Ftags&post=213814"}],"curies":[{"name":"wp","href":"https:\/\/api.w.org\/{rel}","templated":true}]}}