{"id":213830,"date":"2026-09-02T08:04:36","date_gmt":"2026-09-02T12:04:36","guid":{"rendered":"https:\/\/sportseco.com\/?p=213830"},"modified":"2026-09-02T08:06:26","modified_gmt":"2026-09-02T12:06:26","slug":"tener-tantos-dias-juntas-previos-a-la-competencia-nos-ha-ayudado-a-consolidar-el-grupo-valerin-loboa-seleccion-colombia-femenina-sub20","status":"publish","type":"post","link":"https:\/\/sportseco.com\/?p=213830","title":{"rendered":"\u00abTener tantos d\u00edas juntas, previos a la competencia, nos ha ayudado a consolidar el grupo\u00bb: Valerin Loboa, Selecci\u00f3n Colombia Femenina Sub20"},"content":{"rendered":"\n<p>Este martes 1 de septiembre, la&nbsp;<strong>Selecci\u00f3n Colombia Femenina Sub-20<\/strong>&nbsp;emprendi\u00f3 por&nbsp;<strong>v\u00eda terrestre su viaje rumbo a \u0141\u00f3d\u017a,<\/strong>&nbsp;ciudad en la que&nbsp;<strong>afrontar\u00e1 la fase de grupos de la Copa Mundial Femenina Sub-20 de la FIFA.<\/strong><\/p>\n\n\n\n<p>La&nbsp;<strong>jornada comenz\u00f3 con un entrenamiento matutino de aproximadamente una hora y media.<\/strong>&nbsp;La sesi\u00f3n estuvo dividida en dos bloques: inicialmente, el equipo realiz\u00f3 trabajos f\u00edsicos y, posteriormente, se enfoc\u00f3 en el repaso y fortalecimiento de diferentes aspectos t\u00e1cticos del juego.<\/p>\n\n\n\n<figure class=\"wp-block-embed is-type-video is-provider-youtube wp-block-embed-youtube wp-embed-aspect-16-9 wp-has-aspect-ratio\"><div class=\"wp-block-embed__wrapper\">\n<iframe loading=\"lazy\" title=\"Entrenamiento | Selecci\u00f3n Colombia Femenina Sub20 desde Polonia\" width=\"640\" height=\"360\" src=\"https:\/\/www.youtube.com\/embed\/JxvhvG7qupI?feature=oembed\" frameborder=\"0\" allow=\"accelerometer; autoplay; clipboard-write; encrypted-media; gyroscope; picture-in-picture; web-share\" referrerpolicy=\"strict-origin-when-cross-origin\" allowfullscreen><\/iframe>\n<\/div><\/figure>\n\n\n\n<figure class=\"wp-block-embed is-type-rich is-provider-gestor-del-servicio wp-block-embed-gestor-del-servicio\"><div class=\"wp-block-embed__wrapper\">\nhttps:\/\/youtube.com\/watch?v=JxvhvG7qupI%3Ffeature%3Doembed\n<\/div><\/figure>\n\n\n\n<p>Por su parte, Valerin&nbsp;<strong>Loboa<\/strong>, delantera del combinado nacional, y Ximena&nbsp;<strong>Ospina<\/strong>, arquera,&nbsp;<strong>hablaron con FCF MEDIA sobre lo que han significado estos d\u00edas de concentraci\u00f3n previos al inicio de la competencia<\/strong>, as\u00ed como sobre su preparaci\u00f3n y evoluci\u00f3n individual de cara al desaf\u00edo que afrontar\u00e1 el plantel:<\/p>\n\n\n\n<p><\/p>\n\n\n\n<figure class=\"wp-block-embed is-type-rich is-provider-gestor-del-servicio wp-block-embed-gestor-del-servicio\"><div class=\"wp-block-embed__wrapper\">\nhttps:\/\/youtube.com\/watch?v=4eDXB7W6X8M%3Ffeature%3Doembed\n<\/div><\/figure>\n\n\n\n<p>Finalmente,&nbsp;<strong>a las 5:00 p.m. \u2018La Sele\u2019 tom\u00f3 camino hacia \u0141\u00f3d\u017a y luego de u recorrido de cerca de dos horas<\/strong>, las 18 jugadoras y cuerpo t\u00e9cnico arribaron sin ning\u00fan contratiempo a la ciudad ubicada suroeste de Varsovia (capital del pa\u00eds europeo).<\/p>\n\n\n\n<p>Ma\u00f1ana, 2 de septiembre,<strong>&nbsp;las deportistas tendr\u00e1n una sesi\u00f3n de recuperaci\u00f3n y, en la tarde, cumplir\u00e1n con el habitual entrenamiento<\/strong>&nbsp;de campo.<\/p>\n\n\n\n<p><\/p>\n\n\n\n<p>fcf.com.co<\/p>\n","protected":false},"excerpt":{"rendered":"<p>Este martes 1 de septiembre, la&nbsp;Selecci\u00f3n Colombia Femenina Sub-20&nbsp;emprendi\u00f3 por&nbsp;v\u00eda terrestre su viaje rumbo a \u0141\u00f3d\u017a,&nbsp;ciudad en la que&nbsp;afrontar\u00e1 la fase de grupos de la Copa Mundial Femenina Sub-20 de la FIFA. La&nbsp;jornada comenz\u00f3 con un entrenamiento matutino de aproximadamente una hora y media.&nbsp;La sesi\u00f3n estuvo dividida en dos bloques: inicialmente, el equipo realiz\u00f3 trabajos [&hellip;]<\/p>\n","protected":false},"author":1,"featured_media":213833,"comment_status":"open","ping_status":"open","sticky":false,"template":"","format":"standard","meta":{"_acf_changed":false,"_jetpack_newsletter_access":"","_jetpack_dont_email_post_to_subs":false,"_jetpack_newsletter_tier_id":0,"_jetpack_memberships_contains_paywalled_content":false,"_jetpack_feature_clip_id":0,"_jetpack_memberships_contains_paid_content":false,"footnotes":"","jetpack_publicize_message":"","jetpack_publicize_feature_enabled":true,"jetpack_social_post_already_shared":true,"jetpack_social_options":{"image_generator_settings":{"template":"highway","default_image_id":0,"font":"","enabled":false},"version":2},"jetpack_post_was_ever_published":false},"categories":[5],"tags":[],"class_list":["post-213830","post","type-post","status-publish","format-standard","has-post-thumbnail","hentry","category-futbol"],"acf":[],"jetpack_publicize_connections":[],"jetpack_sharing_enabled":true,"jetpack_featured_media_url":"https:\/\/i0.wp.com\/sportseco.com\/wp-content\/uploads\/2026\/09\/SMR6356.jpg?fit=2048%2C1363&ssl=1","_links":{"self":[{"href":"https:\/\/sportseco.com\/index.php?rest_route=\/wp\/v2\/posts\/213830","targetHints":{"allow":["GET"]}}],"collection":[{"href":"https:\/\/sportseco.com\/index.php?rest_route=\/wp\/v2\/posts"}],"about":[{"href":"https:\/\/sportseco.com\/index.php?rest_route=\/wp\/v2\/types\/post"}],"author":[{"embeddable":true,"href":"https:\/\/sportseco.com\/index.php?rest_route=\/wp\/v2\/users\/1"}],"replies":[{"embeddable":true,"href":"https:\/\/sportseco.com\/index.php?rest_route=%2Fwp%2Fv2%2Fcomments&post=213830"}],"version-history":[{"count":2,"href":"https:\/\/sportseco.com\/index.php?rest_route=\/wp\/v2\/posts\/213830\/revisions"}],"predecessor-version":[{"id":213835,"href":"https:\/\/sportseco.com\/index.php?rest_route=\/wp\/v2\/posts\/213830\/revisions\/213835"}],"wp:featuredmedia":[{"embeddable":true,"href":"https:\/\/sportseco.com\/index.php?rest_route=\/wp\/v2\/media\/213833"}],"wp:attachment":[{"href":"https:\/\/sportseco.com\/index.php?rest_route=%2Fwp%2Fv2%2Fmedia&parent=213830"}],"wp:term":[{"taxonomy":"category","embeddable":true,"href":"https:\/\/sportseco.com\/index.php?rest_route=%2Fwp%2Fv2%2Fcategories&post=213830"},{"taxonomy":"post_tag","embeddable":true,"href":"https:\/\/sportseco.com\/index.php?rest_route=%2Fwp%2Fv2%2Ftags&post=213830"}],"curies":[{"name":"wp","href":"https:\/\/api.w.org\/{rel}","templated":true}]}}