{"id":213871,"date":"2026-09-03T08:53:59","date_gmt":"2026-09-03T12:53:59","guid":{"rendered":"https:\/\/sportseco.com\/?p=213871"},"modified":"2026-09-03T08:53:59","modified_gmt":"2026-09-03T12:53:59","slug":"inter-miami-cf-cede-al-mediocampista-canterano-david-ruiz-al-red-bull-new-york","status":"publish","type":"post","link":"https:\/\/sportseco.com\/?p=213871","title":{"rendered":"Inter Miami CF cede al mediocampista canterano David Ru\u00edz al Red Bull New York"},"content":{"rendered":"\n<figure class=\"wp-block-image\"><img data-recalc-dims=\"1\" decoding=\"async\" src=\"https:\/\/i0.wp.com\/images.mlssoccer.com\/image\/private\/t_editorial_landscape_8_desktop_mobile\/f_auto\/mls-mia\/arcw0kevseyfjcuuqax4.jpg?w=640&#038;ssl=1\" alt=\"IMCF-x-Thank-You-DR_16x9\"\/><\/figure>\n\n\n\n<h2 class=\"wp-block-heading\"><\/h2>\n\n\n\n<p>Inter Miami CF Communications Department<\/p>\n\n\n\n<p>Wednesday, Sep 2, 2026, 01:58 PM<\/p>\n\n\n\n<figure class=\"wp-block-image\"><img data-recalc-dims=\"1\" decoding=\"async\" src=\"https:\/\/i0.wp.com\/es.intermiamicf.com\/assets\/images\/share.png?w=640&#038;ssl=1\" alt=\"share\"\/><\/figure>\n\n\n\n<p><strong>Inter Miami CF<\/strong>&nbsp;anunci\u00f3 hoy que ha cedido al mediocampista canterano David Ru\u00edz al Red Bull New York hasta la conclusi\u00f3n de la temporada 2026 de la Major League Soccer, con New York reteniendo una opci\u00f3n de compra tras la conclusi\u00f3n del pr\u00e9stamo.<\/p>\n\n\n\n<p>A cambio, Inter Miami recibir\u00e1 $75,000 en Fondos de Adjudicaci\u00f3n Generales de 2027, GAM por sus siglas en ingl\u00e9s, como parte del acuerdo.&nbsp;<\/p>\n\n\n\n<p>Ru\u00edz, de 22 a\u00f1os, firm\u00f3 como jugador de la cantera en 2023 y fue un miembro clave para el equipo en la conquista de los dos primeros trofeos oficiales en la historia del Club: la Leagues Cup de 2023 y el Supporters&#8217; Shield de 2024, ganando este \u00faltimo mientras a su vez se estableci\u00f3 un nuevo r\u00e9cord de puntos en una sola temporada de la MLS. Ru\u00edz tambi\u00e9n logr\u00f3 varios hitos en este tramo, incluyendo el convertirse en el primer jugador surgido en la Academia de Inter Miami en marcar un gol para el Primer Equipo del Club, logrando el hito en una victoria en casa por 2-1 en la temporada regular contra el New England Revolution el 13 de mayo de 2023.<\/p>\n\n\n\n<p>Ru\u00edz se incorpor\u00f3 a la Academia en 2021 con el equipo sub-17 y progres\u00f3 de manera constante dentro del sistema de desarrollo del Club, pasando por Inter Miami II antes de firmar con el Primer Equipo en 2023 como el sexto canterano en lograrlo.<\/p>\n\n\n\n<p>Inter Miami CF Communications Department<\/p>\n\n\n\n<p>intermiamicf.com<\/p>\n","protected":false},"excerpt":{"rendered":"<p>Inter Miami CF Communications Department Wednesday, Sep 2, 2026, 01:58 PM Inter Miami CF&nbsp;anunci\u00f3 hoy que ha cedido al mediocampista canterano David Ru\u00edz al Red Bull New York hasta la conclusi\u00f3n de la temporada 2026 de la Major League Soccer, con New York reteniendo una opci\u00f3n de compra tras la conclusi\u00f3n del pr\u00e9stamo. A cambio, [&hellip;]<\/p>\n","protected":false},"author":1,"featured_media":213872,"comment_status":"open","ping_status":"open","sticky":false,"template":"","format":"standard","meta":{"_acf_changed":false,"_jetpack_newsletter_access":"","_jetpack_dont_email_post_to_subs":false,"_jetpack_newsletter_tier_id":0,"_jetpack_memberships_contains_paywalled_content":false,"_jetpack_feature_clip_id":0,"_jetpack_memberships_contains_paid_content":false,"footnotes":"","jetpack_publicize_message":"","jetpack_publicize_feature_enabled":true,"jetpack_social_post_already_shared":true,"jetpack_social_options":{"image_generator_settings":{"template":"highway","default_image_id":0,"font":"","enabled":false},"version":2},"jetpack_post_was_ever_published":false},"categories":[5],"tags":[],"class_list":["post-213871","post","type-post","status-publish","format-standard","has-post-thumbnail","hentry","category-futbol"],"acf":[],"jetpack_publicize_connections":[],"jetpack_sharing_enabled":true,"jetpack_featured_media_url":"https:\/\/i0.wp.com\/sportseco.com\/wp-content\/uploads\/2026\/09\/arcw0kevseyfjcuuqax4.webp?fit=2560%2C1440&ssl=1","_links":{"self":[{"href":"https:\/\/sportseco.com\/index.php?rest_route=\/wp\/v2\/posts\/213871","targetHints":{"allow":["GET"]}}],"collection":[{"href":"https:\/\/sportseco.com\/index.php?rest_route=\/wp\/v2\/posts"}],"about":[{"href":"https:\/\/sportseco.com\/index.php?rest_route=\/wp\/v2\/types\/post"}],"author":[{"embeddable":true,"href":"https:\/\/sportseco.com\/index.php?rest_route=\/wp\/v2\/users\/1"}],"replies":[{"embeddable":true,"href":"https:\/\/sportseco.com\/index.php?rest_route=%2Fwp%2Fv2%2Fcomments&post=213871"}],"version-history":[{"count":1,"href":"https:\/\/sportseco.com\/index.php?rest_route=\/wp\/v2\/posts\/213871\/revisions"}],"predecessor-version":[{"id":213873,"href":"https:\/\/sportseco.com\/index.php?rest_route=\/wp\/v2\/posts\/213871\/revisions\/213873"}],"wp:featuredmedia":[{"embeddable":true,"href":"https:\/\/sportseco.com\/index.php?rest_route=\/wp\/v2\/media\/213872"}],"wp:attachment":[{"href":"https:\/\/sportseco.com\/index.php?rest_route=%2Fwp%2Fv2%2Fmedia&parent=213871"}],"wp:term":[{"taxonomy":"category","embeddable":true,"href":"https:\/\/sportseco.com\/index.php?rest_route=%2Fwp%2Fv2%2Fcategories&post=213871"},{"taxonomy":"post_tag","embeddable":true,"href":"https:\/\/sportseco.com\/index.php?rest_route=%2Fwp%2Fv2%2Ftags&post=213871"}],"curies":[{"name":"wp","href":"https:\/\/api.w.org\/{rel}","templated":true}]}}