{"id":213878,"date":"2026-09-03T09:03:25","date_gmt":"2026-09-03T13:03:25","guid":{"rendered":"https:\/\/sportseco.com\/?p=213878"},"modified":"2026-09-03T09:03:25","modified_gmt":"2026-09-03T13:03:25","slug":"el-nino-sera-muy-fuerte-con-mas-sequias-inundaciones-y-calor-extremo-hasta-el-2027","status":"publish","type":"post","link":"https:\/\/sportseco.com\/?p=213878","title":{"rendered":"El Ni\u00f1o ser\u00e1 muy fuerte, con m\u00e1s sequ\u00edas, inundaciones y calor extremo hasta el 2027"},"content":{"rendered":"\n<figure class=\"wp-block-image\"><img data-recalc-dims=\"1\" decoding=\"async\" src=\"https:\/\/i0.wp.com\/global.unitednations.entermediadb.net\/assets\/mediadb\/services\/module\/asset\/downloads\/preset\/Collections\/Production%20Library\/2026\/06\/04-11-2025-WMO-France.jpg\/image1170x530cropped.jpg?w=640&#038;ssl=1\" alt=\"Un reba\u00f1o de vacas permanece en un campo, recortado contra un sol brillante y un cielo dorado y brumoso al amanecer o al atardecer.\"\/><\/figure>\n\n\n\n<p>El Ni\u00f1o, un fen\u00f3meno clim\u00e1tico natural puede alterar las lluvias y las temperaturas a miles de kil\u00f3metros del Pac\u00edfico tropical. Este a\u00f1o se produce en un contexto de un mar m\u00e1s c\u00e1lido debido al calentamiento global. No obstante, un episodio muy fuerte no significa que sus efectos sean igualmente intensos en todos los pa\u00edses.<\/p>\n\n\n\n<p><strong>El fen\u00f3meno Ni\u00f1o ya est\u00e1 firmemente establecido y se intensificar\u00e1 hasta convertirse en un episodio muy fuerte durante los pr\u00f3ximos meses<\/strong>, aumentando el riesgo de inundaciones, sequ\u00edas y calor extremo en distintas partes del planeta, advirti\u00f3 la&nbsp;<a href=\"https:\/\/public.wmo.int\/es\" target=\"_blank\" rel=\"noreferrer noopener\">Organizaci\u00f3n Meteorol\u00f3gica Mundial<\/a>&nbsp;(<a href=\"https:\/\/public.wmo.int\/es\" target=\"_blank\" rel=\"noreferrer noopener\">OMM<\/a>). Los pron\u00f3sticos muestran una probabilidad cercana al 100% de que el fen\u00f3meno persista hasta febrero de 2027, un nivel de certeza sin precedentes en las actualizaciones de la agencia.<\/p>\n\n\n\n<p>Las aguas excepcionalmente c\u00e1lidas del Pac\u00edfico tropical est\u00e1n alimentando el fen\u00f3meno, que previsiblemente seguir\u00e1 fortaleci\u00e9ndose hasta alcanzar su m\u00e1xima intensidad hacia finales de 2026, aunque sus repercusiones clim\u00e1ticas continuar\u00e1n bien entrado 2027. Un episodio de esta magnitud puede provocar&nbsp;<strong>cambios importantes en los patrones de precipitaciones y temperaturas y en la circulaci\u00f3n atmosf\u00e9rica<\/strong>, con consecuencias potenciales para la agricultura, la salud, la energ\u00eda, los recursos h\u00eddricos y la gesti\u00f3n de desastres.<\/p>\n\n\n\n<p>\u201cEl Ni\u00f1o est\u00e1 adquiriendo una magnitud extraordinaria ante nuestros ojos. La ciencia no deja lugar a dudas:&nbsp;<strong>el planeta se encuentra en aguas desconocidas, y esas aguas se est\u00e1n calentando<\/strong>\u201d, afirm\u00f3 el&nbsp;<a href=\"https:\/\/www.un.org\/sg\/es\">Secretario General<\/a>&nbsp;de la ONU, Ant\u00f3nio Guterres. Ante el aumento de las temperaturas de la superficie del mar y el riesgo de fen\u00f3menos meteorol\u00f3gicos extremos, se\u00f1al\u00f3 que la carrera ahora se libra entre unos riesgos crecientes y la capacidad de actuar frente al&nbsp;<a href=\"https:\/\/news.un.org\/es\/news\/topic\/climate-change\">cambio clim\u00e1tico<\/a>&nbsp;y proteger a las personas.<\/p>\n\n\n\n<p>La secretaria general de la OMM, Celeste Saulo, advirti\u00f3 por su parte que el fen\u00f3meno tiene potencial para asestar \u201cun golpe enorme\u201d a comunidades y econom\u00edas de todo el mundo.&nbsp;<strong>\u201cYa estamos viendo perturbaciones y devastaci\u00f3n causadas por sequ\u00edas e inundaciones&nbsp;<\/strong>y esperamos que estos impactos aumenten a medida que El Ni\u00f1o se intensifique\u201d, se\u00f1al\u00f3.<\/p>\n\n\n\n<h2 class=\"wp-block-heading\">Un Pac\u00edfico excepcionalmente c\u00e1lido<\/h2>\n\n\n\n<p>Una de las razones de la elevada confianza de los cient\u00edficos se encuentra en las temperaturas registradas tanto en la superficie como debajo de las aguas del Pac\u00edfico tropical. En la zona central y oriental del Pac\u00edfico ecuatorial, considerada el coraz\u00f3n de El Ni\u00f1o,&nbsp;<strong>las temperaturas de la superficie del mar se encuentran muy por encima del promedio y contin\u00faan aumentando<\/strong>.<\/p>\n\n\n\n<p>Uno de los indicadores utilizados para vigilar el fen\u00f3meno registr\u00f3 una anomal\u00eda media de&nbsp;<strong>1,5 \u00b0C por encima de lo normal entre mayo y julio de 2026<\/strong>, que alcanz\u00f3 los 2 \u00b0C en julio. Entre finales de julio y mediados de agosto, los valores semanales aumentaron todav\u00eda m\u00e1s, situ\u00e1ndose aproximadamente entre 2,2 \u00b0C y 2,6 \u00b0C por encima del promedio, una evoluci\u00f3n que apunta a una intensificaci\u00f3n continuada.<\/p>\n\n\n\n<p>El calentamiento es a\u00fan m\u00e1s pronunciado bajo la superficie del oc\u00e9ano.&nbsp;<strong>En algunas zonas, las temperaturas subsuperficiales superaron en m\u00e1s de 8 \u00b0C el promedio durante julio y principios de agosto.<\/strong>&nbsp;La combinaci\u00f3n de estas se\u00f1ales oce\u00e1nicas con los cambios observados en la atm\u00f3sfera y la coincidencia entre distintos sistemas internacionales de predicci\u00f3n explican por qu\u00e9 la OMM considera que El Ni\u00f1o persistir\u00e1, al menos, hasta comienzos de 2027.<\/p>\n\n\n\n<p>El Ni\u00f1o es un fen\u00f3meno clim\u00e1tico natural caracterizado por un calentamiento de las aguas superficiales del Pac\u00edfico ecuatorial central y oriental. Suele aparecer cada dos a siete a\u00f1os y durar aproximadamente entre nueve y doce meses.&nbsp;<strong>No est\u00e1 causado por el cambio clim\u00e1tico<\/strong>, aunque en la actualidad este fen\u00f3meno se produce en el contexto de un oc\u00e9ano que ha registrado un r\u00e9cord de temperaturas.<\/p>\n\n\n\n<h2 class=\"wp-block-heading\">Un fen\u00f3meno muy fuerte no significa los mismos impactos en todas partes<\/h2>\n\n\n\n<p>La OMM subraya que la intensidad de El Ni\u00f1o&nbsp;<strong>no determina por s\u00ed sola la gravedad de sus consecuencias en un pa\u00eds determinado<\/strong>. Los efectos cambian seg\u00fan la ubicaci\u00f3n y la \u00e9poca del a\u00f1o y pueden verse reforzados, debilitados o modificados por otros factores clim\u00e1ticos en los oc\u00e9anos \u00cdndico y Atl\u00e1ntico. Por ello, los pron\u00f3sticos regionales y nacionales ser\u00e1n fundamentales para determinar qu\u00e9 territorios afrontan mayores riesgos.<\/p>\n\n\n\n<p>Para el periodo comprendido entre septiembre y noviembre de 2026, los modelos indican&nbsp;<strong>una mayor probabilidad de temperaturas superiores a lo normal en pr\u00e1cticamente todas las zonas terrestres<\/strong>, acompa\u00f1adas de patrones de precipitaciones caracter\u00edsticos de un fuerte episodio de El Ni\u00f1o. Estas alteraciones pueden repercutir en sectores especialmente sensibles al clima y aumentar la necesidad de anticiparse a posibles emergencias.<\/p>\n\n\n\n<p>Ante la excepcional intensidad prevista, la OMM y los servicios meteorol\u00f3gicos e hidrol\u00f3gicos nacionales est\u00e1n reforzando sus preparativos y sistemas de alerta temprana. Saulo se\u00f1al\u00f3 que&nbsp;<strong>nunca antes, en los 50 a\u00f1os de historia de la organizaci\u00f3n, se hab\u00eda puesto en marcha una movilizaci\u00f3n de esta magnitud&nbsp;<\/strong>junto con los servicios nacionales para responder a un episodio de El Ni\u00f1o.<\/p>\n\n\n\n<p>Contar con pron\u00f3sticos fiables permite que gobiernos, organismos humanitarios, empresas y comunidades dispongan de tiempo para anticipar los posibles impactos, desde preparar los sistemas sanitarios y gestionar las reservas de agua hasta proteger cultivos o evacuar poblaciones ante amenazas concretas. La OMM continuar\u00e1 actualizando sus previsiones a medida que evolucione el fen\u00f3meno, mientras los servicios meteorol\u00f3gicos nacionales seguir\u00e1n siendo la principal fuente de alertas oficiales y de informaci\u00f3n espec\u00edfica para cada territorio.<\/p>\n\n\n\n<p>La prioridad ahora, seg\u00fan la organizaci\u00f3n, es&nbsp;<strong>convertir el pron\u00f3stico en acci\u00f3n temprana<\/strong>. Aunque no todos los pa\u00edses experimentar\u00e1n las mismas consecuencias, saber con meses de anticipaci\u00f3n que un fen\u00f3meno de esta magnitud se est\u00e1 desarrollando ofrece una oportunidad crucial para reducir las p\u00e9rdidas humanas y econ\u00f3micas antes de que sus efectos m\u00e1s severos se materialicen.<\/p>\n\n\n\n<p><\/p>\n\n\n\n<p>news.un.org<\/p>\n","protected":false},"excerpt":{"rendered":"<p>El Ni\u00f1o, un fen\u00f3meno clim\u00e1tico natural puede alterar las lluvias y las temperaturas a miles de kil\u00f3metros del Pac\u00edfico tropical. Este a\u00f1o se produce en un contexto de un mar m\u00e1s c\u00e1lido debido al calentamiento global. No obstante, un episodio muy fuerte no significa que sus efectos sean igualmente intensos en todos los pa\u00edses. El [&hellip;]<\/p>\n","protected":false},"author":1,"featured_media":213879,"comment_status":"open","ping_status":"open","sticky":false,"template":"","format":"standard","meta":{"_acf_changed":false,"_jetpack_newsletter_access":"","_jetpack_dont_email_post_to_subs":false,"_jetpack_newsletter_tier_id":0,"_jetpack_memberships_contains_paywalled_content":false,"_jetpack_feature_clip_id":0,"_jetpack_memberships_contains_paid_content":false,"footnotes":"","jetpack_publicize_message":"","jetpack_publicize_feature_enabled":true,"jetpack_social_post_already_shared":true,"jetpack_social_options":{"image_generator_settings":{"template":"highway","default_image_id":0,"font":"","enabled":false},"version":2},"jetpack_post_was_ever_published":false},"categories":[6],"tags":[],"class_list":["post-213878","post","type-post","status-publish","format-standard","has-post-thumbnail","hentry","category-ecologia"],"acf":[],"jetpack_publicize_connections":[],"jetpack_sharing_enabled":true,"jetpack_featured_media_url":"https:\/\/i0.wp.com\/sportseco.com\/wp-content\/uploads\/2026\/09\/image1170x530cropped-1.jpg?fit=1172%2C530&ssl=1","_links":{"self":[{"href":"https:\/\/sportseco.com\/index.php?rest_route=\/wp\/v2\/posts\/213878","targetHints":{"allow":["GET"]}}],"collection":[{"href":"https:\/\/sportseco.com\/index.php?rest_route=\/wp\/v2\/posts"}],"about":[{"href":"https:\/\/sportseco.com\/index.php?rest_route=\/wp\/v2\/types\/post"}],"author":[{"embeddable":true,"href":"https:\/\/sportseco.com\/index.php?rest_route=\/wp\/v2\/users\/1"}],"replies":[{"embeddable":true,"href":"https:\/\/sportseco.com\/index.php?rest_route=%2Fwp%2Fv2%2Fcomments&post=213878"}],"version-history":[{"count":1,"href":"https:\/\/sportseco.com\/index.php?rest_route=\/wp\/v2\/posts\/213878\/revisions"}],"predecessor-version":[{"id":213880,"href":"https:\/\/sportseco.com\/index.php?rest_route=\/wp\/v2\/posts\/213878\/revisions\/213880"}],"wp:featuredmedia":[{"embeddable":true,"href":"https:\/\/sportseco.com\/index.php?rest_route=\/wp\/v2\/media\/213879"}],"wp:attachment":[{"href":"https:\/\/sportseco.com\/index.php?rest_route=%2Fwp%2Fv2%2Fmedia&parent=213878"}],"wp:term":[{"taxonomy":"category","embeddable":true,"href":"https:\/\/sportseco.com\/index.php?rest_route=%2Fwp%2Fv2%2Fcategories&post=213878"},{"taxonomy":"post_tag","embeddable":true,"href":"https:\/\/sportseco.com\/index.php?rest_route=%2Fwp%2Fv2%2Ftags&post=213878"}],"curies":[{"name":"wp","href":"https:\/\/api.w.org\/{rel}","templated":true}]}}