{"id":213888,"date":"2026-09-03T09:16:38","date_gmt":"2026-09-03T13:16:38","guid":{"rendered":"https:\/\/sportseco.com\/?p=213888"},"modified":"2026-09-03T09:16:38","modified_gmt":"2026-09-03T13:16:38","slug":"oceanos-mas-calidos-la-omm-alerta-de-cambios-irreversibles","status":"publish","type":"post","link":"https:\/\/sportseco.com\/?p=213888","title":{"rendered":"Oc\u00e9anos m\u00e1s c\u00e1lidos: la OMM alerta de cambios irreversibles"},"content":{"rendered":"\n<p><strong>Madrid.- La alarma por el calor acumulado en el oc\u00e9ano, reiterada hoy por la OMM en su alerta sobre el fen\u00f3meno de El Ni\u00f1o, no se debe solo a un registro excepcional de temperatura sino a las alteraciones que est\u00e1 sufriendo al actuar como el principal dep\u00f3sito del exceso de energ\u00eda generado por el calentamiento global.<\/strong><\/p>\n\n\n\n<p>El oc\u00e9ano, el gran reguladora del sistema clim\u00e1tico global,&nbsp; est\u00e1 elevando su temperatura, alterando su qu\u00edmica, degradando ecosistemas, afectando a la pesca y aumentando la exposici\u00f3n de las costas a temporales e inundaciones: cuanto m\u00e1s calor acumule, mayor ser\u00e1 el riesgo de que deje de amortiguar parte del problema y pase a intensificarlo.<\/p>\n\n\n\n<p>Seg\u00fan diversos informes cient\u00edficos y de organismos internacionales, el mar absorbe m\u00e1s del 90 % del calor atrapado por los gases de efecto invernadero y una cuarta parte del di\u00f3xido de carbono emitido por la actividad humana: La Organizaci\u00f3n Meteorol\u00f3gica Mundial, en concreto,&nbsp; ha advertido en diferentes infomres que los oc\u00e9anos han absorbido m\u00e1s del 90 % del calor excesivo acumulado desde 1971 y que ya est\u00e1n experimentando cambios irreversibles durante siglos.<\/p>\n\n\n\n<p>En el informe difundido hoy por esta organizaci\u00f3n se afirma que se han registrado aumentos en superficie de hasta 2,6 grados por encima de lo normal, mientras que bajo la superficie algunas zonas superan la media en m\u00e1s de 8 grados. Estos datos coinciden, por ejemplo, con los recopilados por Copernicus, quien ya en 2022 alert\u00f3 de que las olas de calor marinas en el Mediterr\u00e1neo alcanzaron profundidades de hasta 1.500 metros.<\/p>\n\n\n\n<figure class=\"wp-block-embed\"><div class=\"wp-block-embed__wrapper\">\nhttps:\/\/efeverde.com\/calentamiento-global-impacta-profundidades-oceanos\/embed\/#?secret=ZEWpHkSZBI#?secret=22Ad9P4mfU\n<\/div><\/figure>\n\n\n\n<h2 class=\"wp-block-heading\">Papel amortiguador<\/h2>\n\n\n\n<p>Los informes cient\u00edficos se\u00f1alas que el oc\u00e9ano,&nbsp; en su papel de regulaci\u00f3n de los los flujos de agua, calor y carbono del planeta, puede transferir m\u00e1s calor y humedad a la atm\u00f3sfera, lo que favorece lluvias m\u00e1s intensas, tormentas m\u00e1s duraderas y fen\u00f3menos extremos m\u00e1s destructivos.<\/p>\n\n\n\n<p>Adem\u00e1s, el calentamiento del oc\u00e9ano est\u00e1 directamente relacionado con la subida del nivel del mar a trav\u00e9s de dos mecanismos: por un lado, el aporte de agua procedente del deshielo; por otro, la expansi\u00f3n t\u00e9rmica del agua marina, que ocupa m\u00e1s espacio cuando se calienta. Un estudio intrenacional, recogidas en la revista Science Advances, atribuy\u00f3 al calentamiento oce\u00e1nico el 43 % del aumento del nivel del mar observado desde 1960. La OMM advirti\u00f3 asimismo de que, entre 1993 y 2023, la subida global mediana del nivel del mar fue de 9,4 cent\u00edmetros, con valores a\u00fan mayores en algunas zonas del Pac\u00edfico tropical.<\/p>\n\n\n\n<figure class=\"wp-block-embed\"><div class=\"wp-block-embed__wrapper\">\nhttps:\/\/efeverde.com\/los-oceanos-extrapolares-alcanzan-en-abril-la-segunda-temperatura-mas-alta-de-la-historia\/embed\/#?secret=mS37s0UQ7S#?secret=cYQZcBLNum\n<\/div><\/figure>\n\n\n\n<p>La preocupaci\u00f3n cient\u00edfica tambi\u00e9n se extiende a los ecosistemas marinos por, entre otras cosas,&nbsp; la mortalidad masiva de organismos, el deterioro de praderas marinas, da\u00f1os en corales y gorgonias, alteraciones del crecimiento y de la reproducci\u00f3n de los peces, desplazamiento de especies hacia aguas m\u00e1s fr\u00edas y p\u00e9rdida de biodiversidad. Tambi\u00e9n la expansi\u00f3n de enfermedades y de algas nocivas y la amenaza la \u201cdespensa\u201d pesquera mundial, especialmente en regiones tropicales.<\/p>\n\n\n\n<p>La pesca y las comunidades costeras aparecen as\u00ed como dos de los sectores m\u00e1s vulnerables. Seg\u00fan los fragmentos consultados, la p\u00e9rdida de biodiversidad y el desplazamiento de especies afectan a la disponibilidad de recursos pesqueros, mientras que el aumento del nivel del mar y la intensificaci\u00f3n de tormentas elevan el riesgo de inundaciones, erosi\u00f3n y da\u00f1os en infraestructuras litorales. En el Pac\u00edfico, Ant\u00f3nio Guterres avis\u00f3 de que el problema no afecta solo a peque\u00f1as islas, sino que viene acompa\u00f1ado de \u201cdevastaci\u00f3n de la pesca, el turismo y la econom\u00eda azul\u201d.<\/p>\n\n\n\n<p>Otro de los motivos de alarma es que el oc\u00e9ano puede perder parte de su capacidad de seguir amortiguando el cambio clim\u00e1tico. Algunos estudios recogidos por EFE sostienen que, a medida que el mar se calienta, el reciclaje del carbono puede acelerarse y menos carbono llegar a almacenarse en las profundidades. Eso implicar\u00eda que m\u00e1s CO2 volver\u00eda a la atm\u00f3sfera, reforzando el efecto invernadero en un c\u00edrculo de retroalimentaci\u00f3n. Tambi\u00e9n preocupa la acidificaci\u00f3n del mar, vinculada a la absorci\u00f3n de CO2. EFE<\/p>\n\n\n\n<p>fch<\/p>\n","protected":false},"excerpt":{"rendered":"<p>Madrid.- La alarma por el calor acumulado en el oc\u00e9ano, reiterada hoy por la OMM en su alerta sobre el fen\u00f3meno de El Ni\u00f1o, no se debe solo a un registro excepcional de temperatura sino a las alteraciones que est\u00e1 sufriendo al actuar como el principal dep\u00f3sito del exceso de energ\u00eda generado por el calentamiento [&hellip;]<\/p>\n","protected":false},"author":1,"featured_media":213889,"comment_status":"open","ping_status":"open","sticky":false,"template":"","format":"standard","meta":{"_acf_changed":false,"_jetpack_newsletter_access":"","_jetpack_dont_email_post_to_subs":false,"_jetpack_newsletter_tier_id":0,"_jetpack_memberships_contains_paywalled_content":false,"_jetpack_feature_clip_id":0,"_jetpack_memberships_contains_paid_content":false,"footnotes":"","jetpack_publicize_message":"","jetpack_publicize_feature_enabled":true,"jetpack_social_post_already_shared":true,"jetpack_social_options":{"image_generator_settings":{"template":"highway","default_image_id":0,"font":"","enabled":false},"version":2},"jetpack_post_was_ever_published":false},"categories":[6],"tags":[],"class_list":["post-213888","post","type-post","status-publish","format-standard","has-post-thumbnail","hentry","category-ecologia"],"acf":[],"jetpack_publicize_connections":[],"jetpack_sharing_enabled":true,"jetpack_featured_media_url":"https:\/\/i0.wp.com\/sportseco.com\/wp-content\/uploads\/2026\/09\/20260823_203649.jpg?fit=1920%2C887&ssl=1","_links":{"self":[{"href":"https:\/\/sportseco.com\/index.php?rest_route=\/wp\/v2\/posts\/213888","targetHints":{"allow":["GET"]}}],"collection":[{"href":"https:\/\/sportseco.com\/index.php?rest_route=\/wp\/v2\/posts"}],"about":[{"href":"https:\/\/sportseco.com\/index.php?rest_route=\/wp\/v2\/types\/post"}],"author":[{"embeddable":true,"href":"https:\/\/sportseco.com\/index.php?rest_route=\/wp\/v2\/users\/1"}],"replies":[{"embeddable":true,"href":"https:\/\/sportseco.com\/index.php?rest_route=%2Fwp%2Fv2%2Fcomments&post=213888"}],"version-history":[{"count":1,"href":"https:\/\/sportseco.com\/index.php?rest_route=\/wp\/v2\/posts\/213888\/revisions"}],"predecessor-version":[{"id":213890,"href":"https:\/\/sportseco.com\/index.php?rest_route=\/wp\/v2\/posts\/213888\/revisions\/213890"}],"wp:featuredmedia":[{"embeddable":true,"href":"https:\/\/sportseco.com\/index.php?rest_route=\/wp\/v2\/media\/213889"}],"wp:attachment":[{"href":"https:\/\/sportseco.com\/index.php?rest_route=%2Fwp%2Fv2%2Fmedia&parent=213888"}],"wp:term":[{"taxonomy":"category","embeddable":true,"href":"https:\/\/sportseco.com\/index.php?rest_route=%2Fwp%2Fv2%2Fcategories&post=213888"},{"taxonomy":"post_tag","embeddable":true,"href":"https:\/\/sportseco.com\/index.php?rest_route=%2Fwp%2Fv2%2Ftags&post=213888"}],"curies":[{"name":"wp","href":"https:\/\/api.w.org\/{rel}","templated":true}]}}