{"id":213898,"date":"2026-09-04T08:12:42","date_gmt":"2026-09-04T12:12:42","guid":{"rendered":"https:\/\/sportseco.com\/?p=213898"},"modified":"2026-09-04T08:12:42","modified_gmt":"2026-09-04T12:12:42","slug":"el-nino-alcanzara-una-intensidad-muy-fuerte-e-incrementara-el-riesgo-de-que-se-produzcan-fenomenos-meteorologicos-extremos-hasta-entrado-2027","status":"publish","type":"post","link":"https:\/\/sportseco.com\/?p=213898","title":{"rendered":"El Ni\u00f1o alcanzar\u00e1 una intensidad muy fuerte e incrementar\u00e1 el riesgo de que se produzcan fen\u00f3menos meteorol\u00f3gicos extremos hasta entrado 2027"},"content":{"rendered":"\n<p>Ginebra (Suiza) \u2014 Tal como se apunta en el&nbsp;<a href=\"https:\/\/wmo.int\/es\/resources\/publication-series\/el-ninola-nina-updates\/agosto-de-2026\">\u00faltimo bolet\u00edn de la Organizaci\u00f3n Meteorol\u00f3gica Mundial (OMM) El Ni\u00f1o\/La Ni\u00f1a Hoy<\/a>, el episodio de El Ni\u00f1o se ha consolidado y en los pr\u00f3ximos meses se intensificar\u00e1 hasta convertirse en un evento de intensidad muy fuerte. Ello entra\u00f1ar\u00e1 importantes cambios en los patrones de temperatura y precipitaci\u00f3n, con los consiguientes riesgos en cuanto a inundaciones, sequ\u00edas y calor extremo.<\/p>\n\n\n\n<p>Mensajes clave<\/p>\n\n\n\n<ul class=\"wp-block-list\">\n<li>El episodio de El Ni\u00f1o se ha consolidado y se espera que se intensifique a\u00fan m\u00e1s.<\/li>\n\n\n\n<li>Seg\u00fan los pron\u00f3sticos de la Organizaci\u00f3n Meteorol\u00f3gica Mundial, la probabilidad de que el evento persista hasta febrero de 2027 es pr\u00e1cticamente del 100 %.<\/li>\n\n\n\n<li>Las aguas excepcionalmente c\u00e1lidas del oc\u00e9ano Pac\u00edfico tropical contribuyen a la intensificaci\u00f3n del fen\u00f3meno.<\/li>\n\n\n\n<li>Un episodio muy fuerte de El Ni\u00f1o puede alterar notablemente las pautas de precipitaci\u00f3n y temperatura en todo el mundo y agravar fen\u00f3menos meteorol\u00f3gicos extremos.<\/li>\n\n\n\n<li>La Organizaci\u00f3n y los Servicios Meteorol\u00f3gicos e Hidrol\u00f3gicos Nacionales refuerzan las actividades de preparaci\u00f3n y alerta temprana ante un evento excepcional.<\/li>\n<\/ul>\n\n\n\n<p>Comparte:<\/p>\n\n\n\n<p><a href=\"https:\/\/twitter.com\/intent\/tweet?url=https:\/\/wmo.int\/es\/news\/media-centre\/el-nino-alcanzara-una-intensidad-muy-fuerte-e-incrementara-el-riesgo-de-que-se-produzcan-fenomenos\" target=\"_blank\" rel=\"noreferrer noopener\"><\/a><a href=\"https:\/\/www.linkedin.com\/sharing\/share-offsite\/?url=https:\/\/wmo.int\/es\/news\/media-centre\/el-nino-alcanzara-una-intensidad-muy-fuerte-e-incrementara-el-riesgo-de-que-se-produzcan-fenomenos\" target=\"_blank\" rel=\"noreferrer noopener\"><\/a><a href=\"https:\/\/www.facebook.com\/share.php?u=https:\/\/wmo.int\/es\/news\/media-centre\/el-nino-alcanzara-una-intensidad-muy-fuerte-e-incrementara-el-riesgo-de-que-se-produzcan-fenomenos\" target=\"_blank\" rel=\"noreferrer noopener\"><\/a><a href=\"https:\/\/wa.me\/?text=https:\/\/wmo.int\/es\/news\/media-centre\/el-nino-alcanzara-una-intensidad-muy-fuerte-e-incrementara-el-riesgo-de-que-se-produzcan-fenomenos\" target=\"_blank\" rel=\"noreferrer noopener\"><\/a><a href=\"mailto:?subject=El%20Ni%C3%B1o%20alcanzar%C3%A1%20una%20intensidad%20muy%20fuerte%20e%20incrementar%C3%A1%20el%20riesgo%20de%20que%20se%20produzcan%20fen%C3%B3menos%20meteorol%C3%B3gicos%20extremos%20hasta%20entrado%202027&amp;body=Check%20out%20this%20site%20https%3A%2F%2Fwmo.int%2Fes%2Fnews%2Fmedia-centre%2Fel-nino-alcanzara-una-intensidad-muy-fuerte-e-incrementara-el-riesgo-de-que-se-produzcan-fenomenos\" target=\"_blank\" rel=\"noreferrer noopener\"><\/a><\/p>\n\n\n\n<figure class=\"wp-block-image\"><img data-recalc-dims=\"1\" decoding=\"async\" src=\"https:\/\/i0.wp.com\/wmo.int\/sites\/default\/files\/styles\/featured_image_x1_768x512\/public\/2026-09\/Thumbnails%202026.jpg?w=640&#038;ssl=1\" alt=\"Ocean waves splash against rocks at sunset, with the sun visible through water droplets and an orange sky in the background.\" title=\"Thumbnails 2026.jpg\"\/><\/figure>\n\n\n\n<p>Seg\u00fan los pron\u00f3sticos de los Centros Mundiales de Producci\u00f3n de la OMM, la probabilidad de que El Ni\u00f1o persista hasta febrero de 2027 es excepcionalmente alta, de casi el 100 %. Es la primera vez que un bolet\u00edn El Ni\u00f1o\/La Ni\u00f1a Hoy es tan categ\u00f3rico, lo que evidencia el amplio consenso existente en la vasta red de expertos de la OMM.<\/p>\n\n\n\n<p>Alimentado por condiciones oce\u00e1nicas excepcionalmente c\u00e1lidas en el Pac\u00edfico tropical, se prev\u00e9 que El Ni\u00f1o siga fortaleci\u00e9ndose durante los pr\u00f3ximos meses hasta convertirse en un evento de intensidad muy fuerte antes de alcanzar su apogeo hacia finales de este a\u00f1o, si bien los efectos que conllevar\u00e1 en el clima se mantendr\u00e1n hasta bien entrado 2027.<\/p>\n\n\n\n<p>\u00abEl fen\u00f3meno de El Ni\u00f1o est\u00e1 adquiriendo enormes proporciones ante nuestros ojos. La ciencia no deja lugar a dudas: el planeta se adentra en aguas desconocidas, aguas que se est\u00e1n calentando. La temperatura de la superficie del mar es cada vez m\u00e1s alta, las temperaturas no dejan de subir y el mundo se encuentra ya en la zona de peligro de los fen\u00f3menos meteorol\u00f3gicos extremos. Estamos ahora en una carrera contrarreloj entre los riesgos crecientes y nuestro compromiso de emprender acciones para hacer frente al clima y proteger a las personas. Y es una carrera que no podemos perder\u00bb, declar\u00f3 el Secretario General de las Naciones Unidas, Ant\u00f3nio Guterres.<\/p>\n\n\n\n<p>\u00abPese a su nombre aparentemente inofensivo, El Ni\u00f1o tiene el potencial de asestar un duro golpe a comunidades y econom\u00edas de todo el mundo. Somos testigos de las perturbaciones y la devastaci\u00f3n que causan sequ\u00edas e inundaciones y, seg\u00fan las previsiones, estos efectos se agravar\u00e1n a medida que se intensifique El Ni\u00f1o\u00bb,&nbsp;<a href=\"https:\/\/wmo.int\/content\/exceptional-el-nino-demands-exceptional-response\">explic\u00f3 la Secretaria General de la OMM, Celeste Saulo<\/a>.<\/p>\n\n\n\n<p>\u00abEste episodio excepcional de El Ni\u00f1o exige medidas de preparaci\u00f3n y respuesta excepcionales. En 50 a\u00f1os de historia de la OMM nunca antes hab\u00edamos emprendido una movilizaci\u00f3n tan importante junto con los Servicios Meteorol\u00f3gicos e Hidrol\u00f3gicos Nacionales (SMHN), quienes encabezan el suministro de pron\u00f3sticos y servicios para salvar vidas y proteger medios de subsistencia\u00bb, dijo.<\/p>\n\n\n\n<p>\u00abLa OMM est\u00e1 resuelta a trabajar en estrecha colaboraci\u00f3n con los asociados de las Naciones Unidas y el sistema humanitario a fin de proporcionar la informaci\u00f3n y los conocimientos clim\u00e1ticos necesarios para contribuir a la gesti\u00f3n de desastres y apoyar a los sectores sensibles al clima, como los de la agricultura, la salud, la energ\u00eda y los recursos h\u00eddricos\u00bb, afirm\u00f3. \u00abNo hay tiempo que perder\u00bb.<\/p>\n\n\n\n<p>Los&nbsp;<a href=\"https:\/\/public.wmo.int\/publication-series\/el-ninola-nina-updates\">boletines de la OMM El Ni\u00f1o\/La Ni\u00f1a Hoy<\/a>&nbsp;son la fuente de informaci\u00f3n m\u00e1s autorizada del planeta para Gobiernos e instancias decisorias. Estos pron\u00f3sticos estacionales son fruto del consenso alcanzado entre los resultados de los diversos modelos de los Centros Mundiales de Producci\u00f3n de la OMM y la evaluaci\u00f3n de los expertos de los SMHN y de los centros de predicci\u00f3n clim\u00e1tica de todo el mundo.<\/p>\n\n\n\n<figure class=\"wp-block-image\"><img data-recalc-dims=\"1\" decoding=\"async\" src=\"https:\/\/i0.wp.com\/wmo.int\/sites\/default\/files\/styles\/prose_1x\/public\/2026-09\/Info_es.png?w=640&#038;ssl=1\" alt=\"Infograf\u00eda de la OMM que muestra las probabilidades de que se produzca un fen\u00f3meno de El Ni\u00f1o o La Ni\u00f1a en oto\u00f1o de 2026, siendo El Ni\u00f1o la opci\u00f3n m\u00e1s probable. El gr\u00e1fico circular y el texto explican los detalles de la previsi\u00f3n y sus implicaciones.\" title=\"Info_en.png\"\/><\/figure>\n\n\n\n<h2 class=\"wp-block-heading\">Calor sin precedentes en las aguas del Pac\u00edfico tropical<\/h2>\n\n\n\n<p>Las temperaturas de la superficie del mar en las partes central y oriental del Pac\u00edfico ecuatorial, la regi\u00f3n donde se origina El Ni\u00f1o, ya est\u00e1n muy por encima de la media \u2014<a href=\"https:\/\/public.wmo.int\/es\/temas\/el-nino-la-nina\">uno de los signos que indican claramente la instauraci\u00f3n de un evento de El Ni\u00f1o<\/a>\u2014 y siguen aumentando.<\/p>\n\n\n\n<p>Los valores del \u00edndice Ni\u00f1o 3.4, ampliamente utilizado para medir las anomal\u00edas de la temperatura de la superficie del mar en las zonas central y oriental del Pac\u00edfico ecuatorial, han sobrepasado con creces los registros normales: entre mayo y julio de 2026 el calentamiento medio se cifr\u00f3 en +1,5 \u00b0C, y en julio ese valor aument\u00f3 hasta +2,0 \u00b0C. Posteriormente, entre finales de julio y mediados de agosto, los valores semanales no dejaron de incrementarse, dado que oscilaron entre cerca de +2,2 \u00b0C y +2,6 \u00b0C por encima de la media, lo que pone de manifiesto una intensificaci\u00f3n continua.<\/p>\n\n\n\n<p>Bajo la superficie del oc\u00e9ano el calor acumulado alcanza una magnitud a\u00fan m\u00e1s excepcional. Durante julio y principios de agosto, en algunas zonas las temperaturas subsuperficiales superaron la media en m\u00e1s de 8 \u00b0C.<\/p>\n\n\n\n<p>En conjunto, las condiciones superficiales y subsuperficiales favorecen claramente la persistencia de El Ni\u00f1o y posibilitan la intensificaci\u00f3n del evento durante los pr\u00f3ximos meses, seg\u00fan se apunta en el bolet\u00edn.<\/p>\n\n\n\n<p>El grado de confianza de los pron\u00f3sticos es elevado. Los valores de los par\u00e1metros oce\u00e1nicos y atmosf\u00e9ricos son concluyentes y se refuerzan mutuamente, y la coincidencia entre los resultados de los diversos sistemas de predicci\u00f3n estacional es elevada. Todo ello indica que el episodio de El Ni\u00f1o persistir\u00e1 al menos hasta principios de 2027.<\/p>\n\n\n\n<h2 class=\"wp-block-heading\">Un episodio de El Ni\u00f1o de intensidad muy fuerte no conlleva los mismos efectos en todas partes<\/h2>\n\n\n\n<p><a href=\"https:\/\/wmo.int\/es\/temas\/el-nino-la-nina\">El Ni\u00f1o y La Ni\u00f1a<\/a>&nbsp;figuran entre los fen\u00f3menos de origen natural que ejercen una mayor influencia en el sistema clim\u00e1tico del planeta. Un episodio de intensidad muy fuerte aumenta la probabilidad de que se produzcan cambios importantes en las precipitaciones, las temperaturas y la circulaci\u00f3n atmosf\u00e9rica en muchas regiones del mundo.<\/p>\n\n\n\n<p>Sin embargo, la intensidad de un episodio de El Ni\u00f1o no es el \u00fanico factor que determina la gravedad de los efectos del evento en un pa\u00eds o regi\u00f3n en particular.<\/p>\n\n\n\n<p>Las consecuencias cambian de un lugar a otro y presentan diferencias en funci\u00f3n del momento del a\u00f1o, y pueden variar por causa de otros factores que influyen en el clima, como las condiciones imperantes en los oc\u00e9anos \u00cdndico y Atl\u00e1ntico.<\/p>\n\n\n\n<p>Por ello, la OMM elabora el&nbsp;<a href=\"https:\/\/wmo.int\/resources\/publication-series\/global-seasonal-climate-updates\/gscu-son2026\">bolet\u00edn sobre el clima estacional mundial<\/a>, una publicaci\u00f3n complementaria que presenta informaci\u00f3n sobre El Ni\u00f1o y otros condicionantes clim\u00e1ticos importantes, lo que permite tener un panorama m\u00e1s preciso de las condiciones previstas.<\/p>\n\n\n\n<p>Para el per\u00edodo de septiembre a noviembre de 2026, los pron\u00f3sticos multimodelos de la OMM indican que, probablemente, las temperaturas en casi todas las zonas terrestres ser\u00e1n superiores a lo normal, mientras que las pautas de precipitaci\u00f3n ser\u00e1n coherentes con la intensa respuesta atmosf\u00e9rica que suele producirse ante un fuerte episodio de El Ni\u00f1o en el Pac\u00edfico.<\/p>\n\n\n\n<p>Tambi\u00e9n se prev\u00e9 que el dipolo del oc\u00e9ano \u00cdndico entre en fase positiva y alcance un valor medio estacional de 0,9 \u00b0C para los meses de septiembre, octubre y noviembre de 2026. Mientras tanto, todo apunta a que las temperaturas en la cuenca del Atl\u00e1ntico ecuatorial ser\u00e1n en general elevadas, y las temperaturas de la superficie del mar en las zonas norte y sur del Atl\u00e1ntico tropical ser\u00e1n superiores a lo normal. Estas condiciones podr\u00e1n reforzar, debilitar o alterar los efectos que El Ni\u00f1o suele producir en diferentes regiones.<\/p>\n\n\n\n<figure class=\"wp-block-image\"><img data-recalc-dims=\"1\" decoding=\"async\" src=\"https:\/\/i0.wp.com\/wmo.int\/sites\/default\/files\/styles\/prose_1x\/public\/2026-09\/Picture1.png?w=640&#038;ssl=1\" alt=\"World map showing forecasted 2m temperature anomalies for SON 2026, with most regions above normal and a cooler area in the central Pacific.\" title=\"Picture1.png\"\/><\/figure>\n\n\n\n<figure class=\"wp-block-image\"><img data-recalc-dims=\"1\" decoding=\"async\" src=\"https:\/\/i0.wp.com\/wmo.int\/sites\/default\/files\/styles\/prose_1x\/public\/2026-09\/Picture2.png?w=640&#038;ssl=1\" alt=\"Map showing predicted global precipitation changes for September-November 2026, with regions marked as below normal, near normal, or above normal.\" title=\"Picture2.png\"\/><\/figure>\n\n\n\n<p><em><sub>Pron\u00f3sticos probabil\u00edsticos de la temperatura del aire en superficie y la precipitaci\u00f3n para el per\u00edodo de septiembre a noviembre de 2026. Las zonas con un color m\u00e1s intenso indican las categor\u00edas de terciles con las probabilidades de pron\u00f3stico m\u00e1s elevadas. Las categor\u00edas m\u00e1s probables para valores inferiores, superiores y cercanos a lo normal se representan en azul, rojo y gris, respectivamente, para los valores de temperatura, y en amarillo, verde y gris, respectivamente, para los valores de precipitaci\u00f3n. Las zonas de color blanco indican igualdad de probabilidades para todas las categor\u00edas en ambos casos. El per\u00edodo de referencia es el comprendido entre 1993 y 2009 (Fuente: Centro Principal de Predicci\u00f3n Estacional mediante Conjuntos Multimodelos de la OMM).<\/sub><\/em><\/p>\n\n\n\n<p>Los&nbsp;<a href=\"https:\/\/wmo.int\/activities\/csis\/rcc\">Centros Regionales sobre el Clima (CRC)<\/a>&nbsp;y los&nbsp;<a href=\"https:\/\/wmo.int\/activities\/csis\/regional-climate-outlook-forums-and-regional-climate-forums\">Foros Regionales sobre la Evoluci\u00f3n Probable del Clima (FREPC)<\/a>, ambos bajo el paraguas de la OMM, y los&nbsp;<a href=\"https:\/\/wmo.int\/about-wmo\/wmo-members\">SMHN&nbsp;<\/a>proporcionan informaci\u00f3n m\u00e1s detallada aplicable al \u00e1mbito local.<\/p>\n\n\n\n<h2 class=\"wp-block-heading\">De los pron\u00f3sticos a la acci\u00f3n temprana<\/h2>\n\n\n\n<p>El Ni\u00f1o y La Ni\u00f1a son fases opuestas de un mismo fen\u00f3meno: El Ni\u00f1o\/Oscilaci\u00f3n del Sur (ENOS). Se trata de uno de los patrones clim\u00e1ticos de origen natural m\u00e1s potentes de la Tierra.<\/p>\n\n\n\n<p>El Ni\u00f1o se caracteriza por un aumento de la temperatura de la superficie del oc\u00e9ano en las partes central y oriental del Pac\u00edfico ecuatorial. Suele producirse con una periodicidad de entre dos y siete a\u00f1os, y su duraci\u00f3n oscila entre nueve y doce meses.<\/p>\n\n\n\n<p>Por lo general, El Ni\u00f1o comienza a desarrollarse entre marzo y junio y alcanza su m\u00e1xima intensidad entre noviembre y febrero. Sin embargo, su influencia en las temperaturas mundiales puede prolongarse m\u00e1s all\u00e1 del per\u00edodo de m\u00e1ximo calentamiento oce\u00e1nico y ser m\u00e1s pronunciada en el segundo a\u00f1o del episodio.<\/p>\n\n\n\n<p>El Ni\u00f1o puede alterar las pautas meteorol\u00f3gicas y clim\u00e1ticas a miles de kil\u00f3metros del Pac\u00edfico tropical. Por ello, contar con pron\u00f3sticos fiables otorga a Gobiernos, organismos humanitarios, empresas y comunidades un valioso margen de tiempo para prepararse.<\/p>\n\n\n\n<p>En consecuencia, Miembros y asociados de la OMM seguir\u00e1n monitoreando de cerca la evoluci\u00f3n del episodio y actualizar\u00e1n peri\u00f3dicamente los pron\u00f3sticos sobre sus probables repercusiones regionales.<\/p>\n\n\n\n<p>Los SMHN siguen siendo la fuente fidedigna de avisos oficiales e informaci\u00f3n clim\u00e1tica pertinente para el \u00e1mbito local.<br \/><br \/>El Ni\u00f1o es un fen\u00f3meno clim\u00e1tico natural y no est\u00e1 causado por el cambio clim\u00e1tico.<\/p>\n\n\n\n<p>wmo.int<\/p>\n","protected":false},"excerpt":{"rendered":"<p>Ginebra (Suiza) \u2014 Tal como se apunta en el&nbsp;\u00faltimo bolet\u00edn de la Organizaci\u00f3n Meteorol\u00f3gica Mundial (OMM) El Ni\u00f1o\/La Ni\u00f1a Hoy, el episodio de El Ni\u00f1o se ha consolidado y en los pr\u00f3ximos meses se intensificar\u00e1 hasta convertirse en un evento de intensidad muy fuerte. Ello entra\u00f1ar\u00e1 importantes cambios en los patrones de temperatura y precipitaci\u00f3n, [&hellip;]<\/p>\n","protected":false},"author":1,"featured_media":213899,"comment_status":"open","ping_status":"open","sticky":false,"template":"","format":"standard","meta":{"_acf_changed":false,"_jetpack_newsletter_access":"","_jetpack_dont_email_post_to_subs":false,"_jetpack_newsletter_tier_id":0,"_jetpack_memberships_contains_paywalled_content":false,"_jetpack_feature_clip_id":0,"_jetpack_memberships_contains_paid_content":false,"footnotes":"","jetpack_publicize_message":"","jetpack_publicize_feature_enabled":true,"jetpack_social_post_already_shared":true,"jetpack_social_options":{"image_generator_settings":{"template":"highway","default_image_id":0,"font":"","enabled":false},"version":2},"jetpack_post_was_ever_published":false},"categories":[112,6],"tags":[],"class_list":["post-213898","post","type-post","status-publish","format-standard","has-post-thumbnail","hentry","category-clima","category-ecologia"],"acf":[],"jetpack_publicize_connections":[],"jetpack_sharing_enabled":true,"jetpack_featured_media_url":"https:\/\/i0.wp.com\/sportseco.com\/wp-content\/uploads\/2026\/09\/Thumbnails-2026.jpg?fit=1536%2C1024&ssl=1","_links":{"self":[{"href":"https:\/\/sportseco.com\/index.php?rest_route=\/wp\/v2\/posts\/213898","targetHints":{"allow":["GET"]}}],"collection":[{"href":"https:\/\/sportseco.com\/index.php?rest_route=\/wp\/v2\/posts"}],"about":[{"href":"https:\/\/sportseco.com\/index.php?rest_route=\/wp\/v2\/types\/post"}],"author":[{"embeddable":true,"href":"https:\/\/sportseco.com\/index.php?rest_route=\/wp\/v2\/users\/1"}],"replies":[{"embeddable":true,"href":"https:\/\/sportseco.com\/index.php?rest_route=%2Fwp%2Fv2%2Fcomments&post=213898"}],"version-history":[{"count":1,"href":"https:\/\/sportseco.com\/index.php?rest_route=\/wp\/v2\/posts\/213898\/revisions"}],"predecessor-version":[{"id":213900,"href":"https:\/\/sportseco.com\/index.php?rest_route=\/wp\/v2\/posts\/213898\/revisions\/213900"}],"wp:featuredmedia":[{"embeddable":true,"href":"https:\/\/sportseco.com\/index.php?rest_route=\/wp\/v2\/media\/213899"}],"wp:attachment":[{"href":"https:\/\/sportseco.com\/index.php?rest_route=%2Fwp%2Fv2%2Fmedia&parent=213898"}],"wp:term":[{"taxonomy":"category","embeddable":true,"href":"https:\/\/sportseco.com\/index.php?rest_route=%2Fwp%2Fv2%2Fcategories&post=213898"},{"taxonomy":"post_tag","embeddable":true,"href":"https:\/\/sportseco.com\/index.php?rest_route=%2Fwp%2Fv2%2Ftags&post=213898"}],"curies":[{"name":"wp","href":"https:\/\/api.w.org\/{rel}","templated":true}]}}