{"id":213913,"date":"2026-09-04T21:13:29","date_gmt":"2026-09-05T01:13:29","guid":{"rendered":"https:\/\/sportseco.com\/?p=213913"},"modified":"2026-09-04T21:13:29","modified_gmt":"2026-09-05T01:13:29","slug":"el-real-madrid-pierde-un-partido-en-el-que-tuvo-las-mejores-ocasiones-y-estrello-tres-balones-en-los-postes","status":"publish","type":"post","link":"https:\/\/sportseco.com\/?p=213913","title":{"rendered":"El Real Madrid pierde un partido en el que tuvo las mejores ocasiones y estrell\u00f3 tres balones en los postes."},"content":{"rendered":"\n<figure class=\"wp-block-image\"><img decoding=\"async\" src=\"https:\/\/assets.realmadrid.com\/is\/image\/realmadrid\/ND-LIGA-J04-BETIS-RM-ARDA_HE12972?$Desktop$&amp;fit=wrap\" alt=\"Derrota en La Cartuja\"\/><\/figure>\n\n\n\n<p><a href=\"https:\/\/www.google.com\/preferences\/source?q=realmadrid.com\" target=\"_blank\" rel=\"noreferrer noopener\">S\u00edguenos en Google<\/a><a href=\"https:\/\/web.whatsapp.com\/send?text=Derrota%20en%20La%20Cartuja%20https%3A%2F%2Fwww.realmadrid.com%2Fes-ES%2Fnoticias%2Ffutbol%2Fprimer-equipo%2Fcronicas%2Fcronica-betis-real-madrid-04-09-2026%3Futm_source%3Dweb%26utm_medium%3Dshare-news%26utm_campaign%3Drmcom_news-share_whatsapp\" target=\"_blank\" rel=\"noreferrer noopener\"><\/a><a href=\"https:\/\/twitter.com\/intent\/tweet?url=https%3A%2F%2Fwww.realmadrid.com%2Fes-ES%2Fnoticias%2Ffutbol%2Fprimer-equipo%2Fcronicas%2Fcronica-betis-real-madrid-04-09-2026%3Futm_source%3Dweb%26utm_medium%3Dshare-news%26utm_campaign%3Drmcom_news-share_x&amp;text=Derrota%20en%20La%20Cartuja\" target=\"_blank\" rel=\"noreferrer noopener\"><\/a>CR\u00d3NICA.04\/09\/2026Alberto NavarroFot\u00f3grafo: Helios de la Rubia (Sevilla)<\/p>\n\n\n\n<p>El&nbsp;<strong>Real Madrid<\/strong>&nbsp;perdi\u00f3 su primer partido de<strong>&nbsp;Liga&nbsp;<\/strong>en La Cartuja. Nuestro equipo sali\u00f3 dominador y antes de que se cumpliera el cuarto de hora ya hab\u00eda tenido dos claras oportunidades para estrenar el marcador. La primera lleg\u00f3 a los once minutos con un centro medido de&nbsp;<strong>Arda G\u00fcler<\/strong>&nbsp;y un remate acrob\u00e1tico de&nbsp;<strong>Huijsen<\/strong>, que hab\u00eda subido a rematar el c\u00f3rner anterior, pero el portero local evit\u00f3 el tanto. En la segunda, tres minutos despu\u00e9s, fue el poste el que evit\u00f3 el 0-1 tras un nuevo centro de G\u00fcler, que se pase\u00f3 por el \u00e1rea y caz\u00f3&nbsp;<strong>Vini Jr.<\/strong>&nbsp;con la zurda y casi sin \u00e1ngulo.<\/p>\n\n\n\n<p><strong>Del poste de Vini Jr. al larguero de Huijsen<\/strong><br \/>A partir de ah\u00ed, y hasta la pausa de hidrataci\u00f3n, el Betis creci\u00f3 con el bal\u00f3n y las fuerzas se igualaron hasta que en el 43\u2019 lleg\u00f3 la ocasi\u00f3n m\u00e1s clara del partido. Gran pase de&nbsp;<strong>Bellingham<\/strong>&nbsp;entre l\u00edneas a la carrera de&nbsp;<strong>Vini Jr.<\/strong>, que se plant\u00f3 delante de Valles y entreg\u00f3 el bal\u00f3n a&nbsp;<strong>Mbapp\u00e9<\/strong>&nbsp;dentro del \u00e1rea. Natan evit\u00f3 el gol en el primer zurdazo del franc\u00e9s y Bartra, con el pecho y sobre la l\u00ednea de gol, lo hizo en el segundo. No fue la \u00faltima jugada de peligro antes del descanso. Ya en el a\u00f1adido, y a la salida de dos saques de esquina, el guardameta llev\u00f3 a cabo una gran estirada tras el testarazo de&nbsp;<strong>Bellingham<\/strong>&nbsp;y el posterior de&nbsp;<strong>Huijsen&nbsp;<\/strong>se estrell\u00f3 en el larguero.<\/p>\n\n\n\n<p>El ritmo se ralentiz\u00f3 bastante tras el paso por los vestuarios y las ocasiones tardaron en llegar. En el minuto 68,&nbsp;<strong>Huijsen<\/strong>&nbsp;rob\u00f3 el bal\u00f3n a Antony en la medular y lo puso al desmarque de&nbsp;<strong>Mbapp\u00e9<\/strong>, que no pudo marcar dentro del \u00e1rea. Y en el 80\u2019, a la salida de un c\u00f3rner, testarazo de Deossa, parad\u00f3n de&nbsp;<strong>Courtois&nbsp;<\/strong>y Parrott adelant\u00f3 al Betis tras el rechazo.<br \/><strong><br \/>Penalti<br \/><\/strong>En el 85\u2019 pudo llegar el empate en una vaselina de&nbsp;<strong>Mbapp\u00e9<\/strong>, pero el larguero jug\u00f3 de nuevo en contra de nuestro equipo. Marc\u00f3 un golazo de chilena&nbsp;<strong>Esp\u00ed<\/strong>&nbsp;dos minutos despu\u00e9s, pero fue anulado por un fuera de juego previo del delantero. Y en el a\u00f1adido,&nbsp;<strong>Vini Jr.<\/strong>&nbsp;fue derribado en el \u00e1rea por Natan despu\u00e9s de centrar.&nbsp;<strong>Mbapp\u00e9<\/strong>&nbsp;tir\u00f3 el penalti y lo par\u00f3 Valles. Despu\u00e9s de revisar el VAR si Bartra, que le quit\u00f3 el bal\u00f3n al franc\u00e9s en el rechazo, hab\u00eda entrado en el \u00e1rea antes del lanzamiento del penalti, Hern\u00e1ndez Hern\u00e1ndez no orden\u00f3 la repetici\u00f3n. En la \u00faltima jugada del encuentro, el portero local evit\u00f3 el 1-1 en un testarazo de&nbsp;<strong>Esp\u00ed.<\/strong><\/p>\n\n\n\n<p><\/p>\n\n\n\n<p>realmadrid.com<\/p>\n","protected":false},"excerpt":{"rendered":"<p>S\u00edguenos en GoogleCR\u00d3NICA.04\/09\/2026Alberto NavarroFot\u00f3grafo: Helios de la Rubia (Sevilla) El&nbsp;Real Madrid&nbsp;perdi\u00f3 su primer partido de&nbsp;Liga&nbsp;en La Cartuja. Nuestro equipo sali\u00f3 dominador y antes de que se cumpliera el cuarto de hora ya hab\u00eda tenido dos claras oportunidades para estrenar el marcador. La primera lleg\u00f3 a los once minutos con un centro medido de&nbsp;Arda G\u00fcler&nbsp;y un [&hellip;]<\/p>\n","protected":false},"author":1,"featured_media":213914,"comment_status":"open","ping_status":"open","sticky":false,"template":"","format":"standard","meta":{"_acf_changed":false,"_jetpack_newsletter_access":"","_jetpack_dont_email_post_to_subs":false,"_jetpack_newsletter_tier_id":0,"_jetpack_memberships_contains_paywalled_content":false,"_jetpack_feature_clip_id":0,"_jetpack_memberships_contains_paid_content":false,"footnotes":"","jetpack_publicize_message":"","jetpack_publicize_feature_enabled":true,"jetpack_social_post_already_shared":true,"jetpack_social_options":{"image_generator_settings":{"template":"highway","default_image_id":0,"font":"","enabled":false},"version":2},"jetpack_post_was_ever_published":false},"categories":[5],"tags":[],"class_list":["post-213913","post","type-post","status-publish","format-standard","has-post-thumbnail","hentry","category-futbol"],"acf":[],"jetpack_publicize_connections":[],"jetpack_sharing_enabled":true,"jetpack_featured_media_url":"https:\/\/i0.wp.com\/sportseco.com\/wp-content\/uploads\/2026\/09\/ND-LIGA-J04-BETIS-RM-ARDA_HE12972.webp?fit=1440%2C810&ssl=1","_links":{"self":[{"href":"https:\/\/sportseco.com\/index.php?rest_route=\/wp\/v2\/posts\/213913","targetHints":{"allow":["GET"]}}],"collection":[{"href":"https:\/\/sportseco.com\/index.php?rest_route=\/wp\/v2\/posts"}],"about":[{"href":"https:\/\/sportseco.com\/index.php?rest_route=\/wp\/v2\/types\/post"}],"author":[{"embeddable":true,"href":"https:\/\/sportseco.com\/index.php?rest_route=\/wp\/v2\/users\/1"}],"replies":[{"embeddable":true,"href":"https:\/\/sportseco.com\/index.php?rest_route=%2Fwp%2Fv2%2Fcomments&post=213913"}],"version-history":[{"count":1,"href":"https:\/\/sportseco.com\/index.php?rest_route=\/wp\/v2\/posts\/213913\/revisions"}],"predecessor-version":[{"id":213915,"href":"https:\/\/sportseco.com\/index.php?rest_route=\/wp\/v2\/posts\/213913\/revisions\/213915"}],"wp:featuredmedia":[{"embeddable":true,"href":"https:\/\/sportseco.com\/index.php?rest_route=\/wp\/v2\/media\/213914"}],"wp:attachment":[{"href":"https:\/\/sportseco.com\/index.php?rest_route=%2Fwp%2Fv2%2Fmedia&parent=213913"}],"wp:term":[{"taxonomy":"category","embeddable":true,"href":"https:\/\/sportseco.com\/index.php?rest_route=%2Fwp%2Fv2%2Fcategories&post=213913"},{"taxonomy":"post_tag","embeddable":true,"href":"https:\/\/sportseco.com\/index.php?rest_route=%2Fwp%2Fv2%2Ftags&post=213913"}],"curies":[{"name":"wp","href":"https:\/\/api.w.org\/{rel}","templated":true}]}}