{"id":213916,"date":"2026-09-04T21:15:36","date_gmt":"2026-09-05T01:15:36","guid":{"rendered":"https:\/\/sportseco.com\/?p=213916"},"modified":"2026-09-04T21:15:36","modified_gmt":"2026-09-05T01:15:36","slug":"boletin-diario-del-volcan-purace-cadena-volcanica-los-coconucos-del-4-de-septiembre-de-2026","status":"publish","type":"post","link":"https:\/\/sportseco.com\/?p=213916","title":{"rendered":"Bolet\u00edn diario del volc\u00e1n Purac\u00e9 &#8211; cadena volc\u00e1nica Los Coconucos del 4 de septiembre de 2026"},"content":{"rendered":"\n<p>Popay\u00e1n, 4 de septiembre de 2026, 3:40 p. m.&nbsp;<\/p>\n\n\n\n<p><strong>Volc\u00e1n Purac\u00e9 &#8211; cadena volc\u00e1nica&nbsp;<\/strong><strong>Los Coconucos&nbsp;<\/strong><\/p>\n\n\n\n<p>Del seguimiento de la actividad en la cadena volc\u00e1nica Los Coconucos, el Servicio Geol\u00f3gico Colombiano (SGC), entidad adscrita al Ministerio de Minas y Energ\u00eda, informa que:&nbsp;<\/p>\n\n\n\n<p>Desde la publicaci\u00f3n del \u00faltimo bolet\u00edn, en el registro s\u00edsmico se mantiene el predominio de las se\u00f1ales asociadas a la din\u00e1mica de fluidos en los conductos volc\u00e1nicos, especialmente de tipo tremor (TR), que se localizaron bajo el cr\u00e1ter del volc\u00e1n Purac\u00e9 con profundidades menores a 2 km. Contin\u00faa el registro de sismicidad asociada al fracturamiento de roca (volcano-tect\u00f3nica, VT), la mayor\u00eda de ella localizada entre 13 y 19 km al nororiente del volc\u00e1n Purac\u00e9, a profundidades entre 7 y 11 km (Figura 1).&nbsp;<\/p>\n\n\n\n<p>La mayor magnitud registrada&nbsp;fue de 1,8 ML. El proceso de deformaci\u00f3n lento del suelo en el sector comprendido entre los volcanes Purac\u00e9, Piocollo y Curiquinga persiste. Desde las 2:00 p. m. del d\u00eda de ayer y hasta la hora de publicaci\u00f3n del presente bolet\u00edn, se registraron dos emisiones de ceniza. Debido a las condiciones clim\u00e1ticas adversas no fue posible establecer la altura de la columna, sin embargo, se recibieron reportes de ca\u00edda de ceniza por parte de habitantes y vig\u00edas comunitarios de las veredas Cristales y Loma Linda.<\/p>\n\n\n\n<p>sgc.gov.co<\/p>\n","protected":false},"excerpt":{"rendered":"<p>Popay\u00e1n, 4 de septiembre de 2026, 3:40 p. m.&nbsp; Volc\u00e1n Purac\u00e9 &#8211; cadena volc\u00e1nica&nbsp;Los Coconucos&nbsp; Del seguimiento de la actividad en la cadena volc\u00e1nica Los Coconucos, el Servicio Geol\u00f3gico Colombiano (SGC), entidad adscrita al Ministerio de Minas y Energ\u00eda, informa que:&nbsp; Desde la publicaci\u00f3n del \u00faltimo bolet\u00edn, en el registro s\u00edsmico se mantiene el predominio [&hellip;]<\/p>\n","protected":false},"author":1,"featured_media":213917,"comment_status":"open","ping_status":"open","sticky":false,"template":"","format":"standard","meta":{"_acf_changed":false,"_jetpack_newsletter_access":"","_jetpack_dont_email_post_to_subs":false,"_jetpack_newsletter_tier_id":0,"_jetpack_memberships_contains_paywalled_content":false,"_jetpack_feature_clip_id":0,"_jetpack_memberships_contains_paid_content":false,"footnotes":"","jetpack_publicize_message":"","jetpack_publicize_feature_enabled":true,"jetpack_social_post_already_shared":true,"jetpack_social_options":{"image_generator_settings":{"template":"highway","default_image_id":0,"font":"","enabled":false},"version":2},"jetpack_post_was_ever_published":false},"categories":[6],"tags":[],"class_list":["post-213916","post","type-post","status-publish","format-standard","has-post-thumbnail","hentry","category-ecologia"],"acf":[],"jetpack_publicize_connections":[],"jetpack_sharing_enabled":true,"jetpack_featured_media_url":"https:\/\/i0.wp.com\/sportseco.com\/wp-content\/uploads\/2026\/09\/Noticias-boletin-diario-4-septiembre.png?fit=860%2C605&ssl=1","_links":{"self":[{"href":"https:\/\/sportseco.com\/index.php?rest_route=\/wp\/v2\/posts\/213916","targetHints":{"allow":["GET"]}}],"collection":[{"href":"https:\/\/sportseco.com\/index.php?rest_route=\/wp\/v2\/posts"}],"about":[{"href":"https:\/\/sportseco.com\/index.php?rest_route=\/wp\/v2\/types\/post"}],"author":[{"embeddable":true,"href":"https:\/\/sportseco.com\/index.php?rest_route=\/wp\/v2\/users\/1"}],"replies":[{"embeddable":true,"href":"https:\/\/sportseco.com\/index.php?rest_route=%2Fwp%2Fv2%2Fcomments&post=213916"}],"version-history":[{"count":1,"href":"https:\/\/sportseco.com\/index.php?rest_route=\/wp\/v2\/posts\/213916\/revisions"}],"predecessor-version":[{"id":213918,"href":"https:\/\/sportseco.com\/index.php?rest_route=\/wp\/v2\/posts\/213916\/revisions\/213918"}],"wp:featuredmedia":[{"embeddable":true,"href":"https:\/\/sportseco.com\/index.php?rest_route=\/wp\/v2\/media\/213917"}],"wp:attachment":[{"href":"https:\/\/sportseco.com\/index.php?rest_route=%2Fwp%2Fv2%2Fmedia&parent=213916"}],"wp:term":[{"taxonomy":"category","embeddable":true,"href":"https:\/\/sportseco.com\/index.php?rest_route=%2Fwp%2Fv2%2Fcategories&post=213916"},{"taxonomy":"post_tag","embeddable":true,"href":"https:\/\/sportseco.com\/index.php?rest_route=%2Fwp%2Fv2%2Ftags&post=213916"}],"curies":[{"name":"wp","href":"https:\/\/api.w.org\/{rel}","templated":true}]}}