{"id":213919,"date":"2026-09-04T21:17:54","date_gmt":"2026-09-05T01:17:54","guid":{"rendered":"https:\/\/sportseco.com\/?p=213919"},"modified":"2026-09-04T21:17:54","modified_gmt":"2026-09-05T01:17:54","slug":"la-gloria-para-van-aert-llega-desde-la-fuga","status":"publish","type":"post","link":"https:\/\/sportseco.com\/?p=213919","title":{"rendered":"La gloria para Van Aert llega desde la fuga"},"content":{"rendered":"\n<p>La Vuelta 2026&nbsp;|&nbsp;Etapa 13&nbsp;|&nbsp;Almu\u00f1\u00e9car &gt; Loja<\/p>\n\n\n\n<p><strong>Ten\u00eda que llegar y ha sido desde la fuga. Wout van Aert (Visma-Lease a Bike) se ha proclamado ganador de la 13\u00aa etapa de La Vuelta 26 en una jornada ideal para las emboscadas entre las localidades granadinas de Almu\u00f1\u00e9car y Loja, donde el belga ha rematado una potente escapada de m\u00e1s de 40 corredores para sumar su cuarta victoria en la Gran Vuelta espa\u00f1ola despu\u00e9s de los tres triunfos conseguidos en la edici\u00f3n de 2024. Despu\u00e9s de una primera mitad de carrera en la que hab\u00eda trabajado para poner en bandeja las tres victorias al sprint a su compa\u00f1ero de equipo Matthew Brennan, que tambi\u00e9n le ha acompa\u00f1ado en la fuga de hoy, el belga ha recibido su premio en una jornada de calor y 3.400 metros de desnivel positivo que ha resuelto magistralmente en un sprint mano a mano con Valentin Paret-Peintre (Soudal Quick-Step). A 3 minutos ha entrado el grupo del l\u00edder Enric Mas (Movistar Team), muy seleccionado ante el trabajo que diversos equipos han tenido que hacer para minimizar la ventaja del dan\u00e9s Mattias Skelmose (Lidl-Trek, 7\u00ba en la general), que estaba en la fuga del d\u00eda, antes de una nueva llegada en alto en la Sierra de la Pandera.<\/strong><\/p>\n\n\n\n<figure class=\"wp-block-image\"><a class=\"media__item__link js-play-embed\" href=\"https:\/\/geo.dailymotion.com\/player\/xbbut.html?video=xb3zk92&amp;autoplay=1\" target=\"_blank\" rel=\"noreferrer noopener\"><img decoding=\"async\" src=\"https:\/\/img.aso.fr\/core_app\/img-cycling-vue-jpg\/video\/29765\/0:0,1280:720-1200-0-70\/13fb8\" alt=\"\"\/><\/a><figcaption class=\"wp-element-caption\">La Pel\u00edcula &#8211; Etapa 13 | La Vuelta 26<\/figcaption><\/figure>\n\n\n\n<p>159 ciclistas han tomado la salida desde la localidad granadina Almu\u00f1\u00e9car, con la baja del kazajo Alexey Lutsenko (NSN Cycling), listos para afrontar una etapa perfecta para las emboscadas, con 3.400 metros de desnivel positivo y tres puertos de monta\u00f1a.<\/p>\n\n\n\n<p>Una jornada de calor asfixiante que se ha iniciado, como es habitual, con una gran lucha por la escapada, que ten\u00eda todos los n\u00fameros para triunfar en el d\u00eda de hoy. Wout van Aert (Visma-Lease a Bike) ha liderado un grupo de 43 corredores que se ha destacado en el primer puerto del d\u00eda, la Venta de la Cebada (1\u00aa categor\u00eda, km 31,2), junto con otros habituales como el l\u00edder de la monta\u00f1a, el colombiano Santiago Buitrago (Bahrain Victorious), adem\u00e1s de corredores relevantes en la lucha por la clasificaci\u00f3n general como Mattias Skjelmose (Lidl-Trek, 7\u00ba). Finalmente, ha sido un grupo de once ciclistas el que ha conseguido destacarse de esta fuga en el Alto del Legionario (3\u00aa categor\u00eda, km 83,4).<\/p>\n\n\n\n<p>Kevin Vermaeke (UAE Team Emirates-XRG), Matthew Brennan (Visma-Lease a Bike), L\u00e9o Bisiaux (Decathlon CMA CGM), Cl\u00e9ment Berthet, Guillaume Martin-Guyonnet (Groupama-FDJ United), Andreas Kron, Andreas Leknessund (Uno-X Mobility), Vincenzo Albanese (EF Education-EasyPost), Cristian Rodr\u00edguez (XDS Astana) y Lars Craps (Lotto-Intermarch\u00e9) han sido los corredores que han entrado en el tramo final de etapa con opciones de luchar la victoria, despu\u00e9s de que una ca\u00edda eliminara del grupo al franc\u00e9s Axel Laurance (Netcompany Ineos). Juntos han superado el sprint intermedio de Toc\u00f3n (km 145), teniendo cada vez m\u00e1s cerca al numeroso grupo perseguidor, donde viajaban otros corredores r\u00e1pidos como el propio Wout van Aert o Magnus Cort, entre otros.<\/p>\n\n\n\n<p>Finalmente, a pocos metros de la cima del Puerto de Granada (2\u00aa categor\u00eda, km 155,4), se han incorporado al grupo de cabeza a corredores del nivel de Wout Van Aert (Visma-Lease a Bike), Mattias Skjelmose (Lidl-Trek), Santiago Buitrago (Bahrain Victorious), Jarno Widar (Lotto-Intermarch\u00e9), Filippo Zana (Soudal Quick-Step) o el mismo Axel Laurance, formando el grupo definitivo que se luchar\u00eda el triunfo de etapa, finalmente seleccionado en nueve corredores, entre los cuales el equipo Visma-Lease a Bike contaba con dos cartas ganadoras con el triple vencedor de etapa, Matthew Brennan y el mismo Wout van Aert, cuyo ataque ganador ha llegado a 3,5 kil\u00f3metros de la l\u00ednea de meta.<\/p>\n\n\n\n<p>Un cambio de ritmo demoledor que solamente ha podido seguir Valentin Paret-Peintre (Soudal-Quick Step), a quien el maillot verde ha podido batir con facilidad en la meta de Loja, mientras su compa\u00f1ero Matthew Brennan lideraba el grupo perseguidor a 24 segundos.<\/p>\n\n\n\n<figure class=\"wp-block-image\"><a class=\"js-jzoom\" href=\"https:\/\/img.aso.fr\/core_app\/img-cycling-vue-jpg\/prehome-1-et13\/29705\/0:0,960:800-960-0-70\/23ba0\"><img decoding=\"async\" src=\"https:\/\/img.aso.fr\/core_app\/img-cycling-vue-jpg\/prehome-1-et13\/29705\/0:0,960:800-1920-0-70\/30b97\" alt=\"\"\/><\/a><\/figure>\n\n\n\n<p>lavuelta.es<\/p>\n","protected":false},"excerpt":{"rendered":"<p>La Vuelta 2026&nbsp;|&nbsp;Etapa 13&nbsp;|&nbsp;Almu\u00f1\u00e9car &gt; Loja Ten\u00eda que llegar y ha sido desde la fuga. Wout van Aert (Visma-Lease a Bike) se ha proclamado ganador de la 13\u00aa etapa de La Vuelta 26 en una jornada ideal para las emboscadas entre las localidades granadinas de Almu\u00f1\u00e9car y Loja, donde el belga ha rematado una potente [&hellip;]<\/p>\n","protected":false},"author":1,"featured_media":213920,"comment_status":"open","ping_status":"open","sticky":false,"template":"","format":"standard","meta":{"_acf_changed":false,"_jetpack_newsletter_access":"","_jetpack_dont_email_post_to_subs":false,"_jetpack_newsletter_tier_id":0,"_jetpack_memberships_contains_paywalled_content":false,"_jetpack_feature_clip_id":0,"_jetpack_memberships_contains_paid_content":false,"footnotes":"","jetpack_publicize_message":"","jetpack_publicize_feature_enabled":true,"jetpack_social_post_already_shared":true,"jetpack_social_options":{"image_generator_settings":{"template":"highway","default_image_id":0,"font":"","enabled":false},"version":2},"jetpack_post_was_ever_published":false},"categories":[14],"tags":[],"class_list":["post-213919","post","type-post","status-publish","format-standard","has-post-thumbnail","hentry","category-ciclismo"],"acf":[],"jetpack_publicize_connections":[],"jetpack_sharing_enabled":true,"jetpack_featured_media_url":"https:\/\/i0.wp.com\/sportseco.com\/wp-content\/uploads\/2026\/09\/30b97.jpeg?fit=1920%2C1600&ssl=1","_links":{"self":[{"href":"https:\/\/sportseco.com\/index.php?rest_route=\/wp\/v2\/posts\/213919","targetHints":{"allow":["GET"]}}],"collection":[{"href":"https:\/\/sportseco.com\/index.php?rest_route=\/wp\/v2\/posts"}],"about":[{"href":"https:\/\/sportseco.com\/index.php?rest_route=\/wp\/v2\/types\/post"}],"author":[{"embeddable":true,"href":"https:\/\/sportseco.com\/index.php?rest_route=\/wp\/v2\/users\/1"}],"replies":[{"embeddable":true,"href":"https:\/\/sportseco.com\/index.php?rest_route=%2Fwp%2Fv2%2Fcomments&post=213919"}],"version-history":[{"count":1,"href":"https:\/\/sportseco.com\/index.php?rest_route=\/wp\/v2\/posts\/213919\/revisions"}],"predecessor-version":[{"id":213921,"href":"https:\/\/sportseco.com\/index.php?rest_route=\/wp\/v2\/posts\/213919\/revisions\/213921"}],"wp:featuredmedia":[{"embeddable":true,"href":"https:\/\/sportseco.com\/index.php?rest_route=\/wp\/v2\/media\/213920"}],"wp:attachment":[{"href":"https:\/\/sportseco.com\/index.php?rest_route=%2Fwp%2Fv2%2Fmedia&parent=213919"}],"wp:term":[{"taxonomy":"category","embeddable":true,"href":"https:\/\/sportseco.com\/index.php?rest_route=%2Fwp%2Fv2%2Fcategories&post=213919"},{"taxonomy":"post_tag","embeddable":true,"href":"https:\/\/sportseco.com\/index.php?rest_route=%2Fwp%2Fv2%2Ftags&post=213919"}],"curies":[{"name":"wp","href":"https:\/\/api.w.org\/{rel}","templated":true}]}}