{"id":213925,"date":"2026-09-05T07:56:58","date_gmt":"2026-09-05T11:56:58","guid":{"rendered":"https:\/\/sportseco.com\/?p=213925"},"modified":"2026-09-05T07:56:58","modified_gmt":"2026-09-05T11:56:58","slug":"dia-internacional-de-las-mujeres-y-ninas-indigenas-5-septiembre","status":"publish","type":"post","link":"https:\/\/sportseco.com\/?p=213925","title":{"rendered":"D\u00eda Internacional de las Mujeres y Ni\u00f1as Ind\u00edgenas, 5 Septiembre"},"content":{"rendered":"\n<p><img data-recalc-dims=\"1\" decoding=\"async\" src=\"https:\/\/i0.wp.com\/www.un.org\/sites\/un2.un.org\/files\/styles\/banner-image-style-27-10\/public\/2026\/08\/indigenous_women_day_2026.png?w=640&#038;ssl=1\" alt=\"Mujeres Ind\u00edgenas de diferentes regiones\"\/><\/p>\n\n\n\n<p><strong>Foto:<\/strong>ONU (retratos reales tomados por Manuel El\u00edas, David Smith\/Adobe Stock, Loey Felipe, UN DESA y Kibae Park).<\/p>\n\n\n\n<h2 class=\"wp-block-heading\">Mujeres y ni\u00f1as Ind\u00edgenas:<br \/>Derechos, resiliencia y liderazgo<\/h2>\n\n\n\n<p>Las mujeres y las ni\u00f1as Ind\u00edgenas son y seguir\u00e1n siendo&nbsp;gu\u00edas, guardianas del conocimiento y agentes de cambio. Su papel es fundamental tanto para las comunidades de los pueblos Ind\u00edgenas como&nbsp;para la sociedad en su conjunto.<\/p>\n\n\n\n<p>En su calidad de lideresas, depositarias de conocimientos y titulares de derechos, desempe\u00f1an un papel esencial en la transmisi\u00f3n de los conocimientos, las lenguas y los sistemas de gobernanza Ind\u00edgenas. Adem\u00e1s,&nbsp;apoyan&nbsp;el bienestar de sus pueblos como cuidadoras y guardianas de sus tierras, territorios y la biodiversidad mundial.<\/p>\n\n\n\n<p>Sin embargo, a pesar de todas estas contribuciones, sus experiencias, sus voces y su liderazgo han pasado a menudo desapercibidos.<\/p>\n\n\n\n<p>Adem\u00e1s, a d\u00eda de hoy, las mujeres y ni\u00f1as Ind\u00edgenas&nbsp;se ven afectadas de manera desproporcionada por desigualdades estructurales profundamente arraigadas que, con frecuencia, han dado lugar a la pobreza, el analfabetismo, el acceso precario o limitado a sus tierras, territorios y recursos, una atenci\u00f3n sanitaria inexistente o deficiente, la falta de acceso a la justicia, la exposici\u00f3n a la trata y otras formas de violencia de g\u00e9nero, as\u00ed como a una participaci\u00f3n desigual en la toma de decisiones.<\/p>\n\n\n\n<p>Reconocer, apoyar e invertir en las mujeres y las ni\u00f1as Ind\u00edgenas no es solo una cuesti\u00f3n de justicia: es una condici\u00f3n indispensable para construir un futuro m\u00e1s sostenible, inclusivo y resiliente para las personas y el planeta.<\/p>\n\n\n\n<h3 class=\"wp-block-heading\">Un d\u00eda para alzar su voz<\/h3>\n\n\n\n<p>El 26 de noviembre de 2025, la Asamblea General de las Naciones Unidas decidi\u00f3, en su&nbsp;<a href=\"https:\/\/docs.un.org\/es\/A\/RES\/80\/10\">resoluci\u00f3n A\/RES\/80\/10,<\/a>&nbsp;que el D\u00eda Internacional de las Mujeres y Ni\u00f1as Ind\u00edgenas del Mundo se conmemore&nbsp;el 5 de septiembre de cada a\u00f1o.<\/p>\n\n\n\n<p>Esta decisi\u00f3n refleja la idea de que las&nbsp;acciones simb\u00f3licas y pr\u00e1cticas deben ir de la mano para promover los derechos y el bienestar de los pueblos Ind\u00edgenas; Asimismo, dar\u00e1 visibilidad mundial al liderazgo, las contribuciones y los desaf\u00edos a los que se enfrentan las mujeres y las ni\u00f1as Ind\u00edgenas. Solo as\u00ed ser\u00e1 posible concienciar a la sociedad, fortalecer la defensa de sus derechos y movilizar la atenci\u00f3n pol\u00edtica y los recursos necesarios a largo plazo.<\/p>\n\n\n\n<p><\/p>\n\n\n\n<p><\/p>\n\n\n\n<p>un.org<\/p>\n","protected":false},"excerpt":{"rendered":"<p>Foto:ONU (retratos reales tomados por Manuel El\u00edas, David Smith\/Adobe Stock, Loey Felipe, UN DESA y Kibae Park). Mujeres y ni\u00f1as Ind\u00edgenas:Derechos, resiliencia y liderazgo Las mujeres y las ni\u00f1as Ind\u00edgenas son y seguir\u00e1n siendo&nbsp;gu\u00edas, guardianas del conocimiento y agentes de cambio. Su papel es fundamental tanto para las comunidades de los pueblos Ind\u00edgenas como&nbsp;para la [&hellip;]<\/p>\n","protected":false},"author":1,"featured_media":213926,"comment_status":"open","ping_status":"open","sticky":false,"template":"","format":"standard","meta":{"_acf_changed":false,"_jetpack_newsletter_access":"","_jetpack_dont_email_post_to_subs":false,"_jetpack_newsletter_tier_id":0,"_jetpack_memberships_contains_paywalled_content":false,"_jetpack_feature_clip_id":0,"_jetpack_memberships_contains_paid_content":false,"footnotes":"","jetpack_publicize_message":"","jetpack_publicize_feature_enabled":true,"jetpack_social_post_already_shared":true,"jetpack_social_options":{"image_generator_settings":{"template":"highway","default_image_id":0,"font":"","enabled":false},"version":2},"jetpack_post_was_ever_published":false},"categories":[108],"tags":[],"class_list":["post-213925","post","type-post","status-publish","format-standard","has-post-thumbnail","hentry","category-dia-mundial"],"acf":[],"jetpack_publicize_connections":[],"jetpack_sharing_enabled":true,"jetpack_featured_media_url":"https:\/\/i0.wp.com\/sportseco.com\/wp-content\/uploads\/2026\/09\/indigenous_women_day_2026.png?fit=1350%2C500&ssl=1","_links":{"self":[{"href":"https:\/\/sportseco.com\/index.php?rest_route=\/wp\/v2\/posts\/213925","targetHints":{"allow":["GET"]}}],"collection":[{"href":"https:\/\/sportseco.com\/index.php?rest_route=\/wp\/v2\/posts"}],"about":[{"href":"https:\/\/sportseco.com\/index.php?rest_route=\/wp\/v2\/types\/post"}],"author":[{"embeddable":true,"href":"https:\/\/sportseco.com\/index.php?rest_route=\/wp\/v2\/users\/1"}],"replies":[{"embeddable":true,"href":"https:\/\/sportseco.com\/index.php?rest_route=%2Fwp%2Fv2%2Fcomments&post=213925"}],"version-history":[{"count":1,"href":"https:\/\/sportseco.com\/index.php?rest_route=\/wp\/v2\/posts\/213925\/revisions"}],"predecessor-version":[{"id":213927,"href":"https:\/\/sportseco.com\/index.php?rest_route=\/wp\/v2\/posts\/213925\/revisions\/213927"}],"wp:featuredmedia":[{"embeddable":true,"href":"https:\/\/sportseco.com\/index.php?rest_route=\/wp\/v2\/media\/213926"}],"wp:attachment":[{"href":"https:\/\/sportseco.com\/index.php?rest_route=%2Fwp%2Fv2%2Fmedia&parent=213925"}],"wp:term":[{"taxonomy":"category","embeddable":true,"href":"https:\/\/sportseco.com\/index.php?rest_route=%2Fwp%2Fv2%2Fcategories&post=213925"},{"taxonomy":"post_tag","embeddable":true,"href":"https:\/\/sportseco.com\/index.php?rest_route=%2Fwp%2Fv2%2Ftags&post=213925"}],"curies":[{"name":"wp","href":"https:\/\/api.w.org\/{rel}","templated":true}]}}