{"id":213937,"date":"2026-09-05T08:24:06","date_gmt":"2026-09-05T12:24:06","guid":{"rendered":"https:\/\/sportseco.com\/?p=213937"},"modified":"2026-09-05T08:25:26","modified_gmt":"2026-09-05T12:25:26","slug":"tenemos-la-energia-al-100-y-con-toda-la-actitud-para-el-debut-brenda-cardona-seleccion-colombia-femenina-sub-20","status":"publish","type":"post","link":"https:\/\/sportseco.com\/?p=213937","title":{"rendered":"\u00abTenemos la energ\u00eda al 100% y con toda la actitud para el debut\u00bb: Brenda Cardona, Selecci\u00f3n Colombia Femenina Sub-20"},"content":{"rendered":"\n<p>Las dirigidas por Carlos Paniagua comienzan<strong>&nbsp;la cuenta regresiva para enfrentar el debut en la Copa Mundial Femenina Sub-20 de la FIFA en Polonia.<\/strong>&nbsp;Tres d\u00edas restan para que<strong>&nbsp;se escuche el pitazo inicial entre Colombia y Costa Rica<\/strong>&nbsp;en el Estadio Miejski LKS Lodz.<\/p>\n\n\n\n<p>Brenda Cardona,<strong>&nbsp;joven volante del plantel, habl\u00f3 con FCF MEDIA acerca de la adaptaci\u00f3n del grupo<\/strong>, los aportes de las jugadoras que cuentan con m\u00e1s experiencia y los objetivos del equipo: \u201cestamos muy contentas, con<strong>&nbsp;la energ\u00eda al 100 % y con toda la actitud para el debut&nbsp;<\/strong>(\u2026) todos los d\u00edas aprendo mucho de las jugadoras con experiencia, de las mayores. Las mayores siempre han sido muy buenas personas con nosotras y somos como una familia. Entonces, eso es muy bueno para el grupo\u201d, coment\u00f3.<\/p>\n\n\n\n<figure class=\"wp-block-embed is-type-video is-provider-youtube wp-block-embed-youtube wp-embed-aspect-16-9 wp-has-aspect-ratio\"><div class=\"wp-block-embed__wrapper\">\n<iframe loading=\"lazy\" title=\"Voces | Brenda Cardona , jugadora Selecci\u00f3n Colombia Femenina Sub 20 desde Lodz, Polonia\" width=\"640\" height=\"360\" src=\"https:\/\/www.youtube.com\/embed\/qUBC2jMOAwY?feature=oembed\" frameborder=\"0\" allow=\"accelerometer; autoplay; clipboard-write; encrypted-media; gyroscope; picture-in-picture; web-share\" referrerpolicy=\"strict-origin-when-cross-origin\" allowfullscreen><\/iframe>\n<\/div><\/figure>\n\n\n\n<figure class=\"wp-block-embed is-type-rich is-provider-gestor-del-servicio wp-block-embed-gestor-del-servicio\"><div class=\"wp-block-embed__wrapper\">\nhttps:\/\/youtube.com\/watch?v=qUBC2jMOAwY%3Ffeature%3Doembed\n<\/div><\/figure>\n\n\n\n<p>La&nbsp;<strong>jornada de este viernes 4 de septiembre comenz\u00f3 a las 11:00 a. m. con el<\/strong>&nbsp;<strong>Media Day organizado por la FIFA<\/strong>, espacio en el que las jugadoras participaron en diferentes actividades y atendieron los compromisos de la organizaci\u00f3n establecidos para la fecha.<\/p>\n\n\n\n<figure class=\"wp-block-embed is-type-video is-provider-youtube wp-block-embed-youtube wp-embed-aspect-16-9 wp-has-aspect-ratio\"><div class=\"wp-block-embed__wrapper\">\n<iframe loading=\"lazy\" title=\"Media Day con nuestra Selecci\u00f3n Colombia Femenina Sub 20 desde Lodz, Polonia \" width=\"640\" height=\"360\" src=\"https:\/\/www.youtube.com\/embed\/VEjvDM9TKA8?feature=oembed\" frameborder=\"0\" allow=\"accelerometer; autoplay; clipboard-write; encrypted-media; gyroscope; picture-in-picture; web-share\" referrerpolicy=\"strict-origin-when-cross-origin\" allowfullscreen><\/iframe>\n<\/div><\/figure>\n\n\n\n<figure class=\"wp-block-embed is-type-rich is-provider-gestor-del-servicio wp-block-embed-gestor-del-servicio\"><div class=\"wp-block-embed__wrapper\">\nhttps:\/\/youtube.com\/watch?v=VEjvDM9TKA8%3Ffeature%3Doembed\n<\/div><\/figure>\n\n\n\n<p>Posteriormente,<strong>&nbsp;en horas de la tarde, las deportistas se trasladaron al escenario de entrenamiento para cumplir con una nueva sesi\u00f3n<\/strong>&nbsp;de preparaci\u00f3n de cara al debut en la competencia.<\/p>\n\n\n\n<p>La&nbsp;<strong>pr\u00e1ctica comenz\u00f3 a las 6:00 p. m. y cont\u00f3 con la presencia de los medios de comunicaci\u00f3n&nbsp;<\/strong>durante los primeros 15 minutos, de acuerdo con los protocolos establecidos. Durante la sesi\u00f3n se<strong>&nbsp;trabajaron diferentes aspectos t\u00e9cnicos y t\u00e1cticos, adem\u00e1s de una primera fase de preparaci\u00f3n f\u00edsica,<\/strong>&nbsp;con el objetivo de continuar afinando detalles y llegar en las mejores condiciones al primer compromiso del equipo.<\/p>\n\n\n\n<p>fcf.com.co<\/p>\n","protected":false},"excerpt":{"rendered":"<p>Las dirigidas por Carlos Paniagua comienzan&nbsp;la cuenta regresiva para enfrentar el debut en la Copa Mundial Femenina Sub-20 de la FIFA en Polonia.&nbsp;Tres d\u00edas restan para que&nbsp;se escuche el pitazo inicial entre Colombia y Costa Rica&nbsp;en el Estadio Miejski LKS Lodz. Brenda Cardona,&nbsp;joven volante del plantel, habl\u00f3 con FCF MEDIA acerca de la adaptaci\u00f3n del [&hellip;]<\/p>\n","protected":false},"author":1,"featured_media":213940,"comment_status":"open","ping_status":"open","sticky":false,"template":"","format":"standard","meta":{"_acf_changed":false,"_jetpack_newsletter_access":"","_jetpack_dont_email_post_to_subs":false,"_jetpack_newsletter_tier_id":0,"_jetpack_memberships_contains_paywalled_content":false,"_jetpack_feature_clip_id":0,"_jetpack_memberships_contains_paid_content":false,"footnotes":"","jetpack_publicize_message":"","jetpack_publicize_feature_enabled":true,"jetpack_social_post_already_shared":true,"jetpack_social_options":{"image_generator_settings":{"template":"highway","default_image_id":0,"font":"","enabled":false},"version":2},"jetpack_post_was_ever_published":false},"categories":[5],"tags":[],"class_list":["post-213937","post","type-post","status-publish","format-standard","has-post-thumbnail","hentry","category-futbol"],"acf":[],"jetpack_publicize_connections":[],"jetpack_sharing_enabled":true,"jetpack_featured_media_url":"https:\/\/i0.wp.com\/sportseco.com\/wp-content\/uploads\/2026\/09\/1.-Entrenamiento-Seleccion-Colombia-Femenina-SUB-20-3-de-septiembre-2026.jpg?fit=1052%2C701&ssl=1","_links":{"self":[{"href":"https:\/\/sportseco.com\/index.php?rest_route=\/wp\/v2\/posts\/213937","targetHints":{"allow":["GET"]}}],"collection":[{"href":"https:\/\/sportseco.com\/index.php?rest_route=\/wp\/v2\/posts"}],"about":[{"href":"https:\/\/sportseco.com\/index.php?rest_route=\/wp\/v2\/types\/post"}],"author":[{"embeddable":true,"href":"https:\/\/sportseco.com\/index.php?rest_route=\/wp\/v2\/users\/1"}],"replies":[{"embeddable":true,"href":"https:\/\/sportseco.com\/index.php?rest_route=%2Fwp%2Fv2%2Fcomments&post=213937"}],"version-history":[{"count":2,"href":"https:\/\/sportseco.com\/index.php?rest_route=\/wp\/v2\/posts\/213937\/revisions"}],"predecessor-version":[{"id":213942,"href":"https:\/\/sportseco.com\/index.php?rest_route=\/wp\/v2\/posts\/213937\/revisions\/213942"}],"wp:featuredmedia":[{"embeddable":true,"href":"https:\/\/sportseco.com\/index.php?rest_route=\/wp\/v2\/media\/213940"}],"wp:attachment":[{"href":"https:\/\/sportseco.com\/index.php?rest_route=%2Fwp%2Fv2%2Fmedia&parent=213937"}],"wp:term":[{"taxonomy":"category","embeddable":true,"href":"https:\/\/sportseco.com\/index.php?rest_route=%2Fwp%2Fv2%2Fcategories&post=213937"},{"taxonomy":"post_tag","embeddable":true,"href":"https:\/\/sportseco.com\/index.php?rest_route=%2Fwp%2Fv2%2Ftags&post=213937"}],"curies":[{"name":"wp","href":"https:\/\/api.w.org\/{rel}","templated":true}]}}