{"id":213965,"date":"2026-09-06T08:57:19","date_gmt":"2026-09-06T12:57:19","guid":{"rendered":"https:\/\/sportseco.com\/?p=213965"},"modified":"2026-09-06T08:57:19","modified_gmt":"2026-09-06T12:57:19","slug":"america-latina-se-queda-sin-tiempo-solo-una-de-cada-cinco-metas-de-desarrollo-esta-en-camino-de-cumplirse","status":"publish","type":"post","link":"https:\/\/sportseco.com\/?p=213965","title":{"rendered":"Am\u00e9rica Latina se queda sin tiempo: solo una de cada cinco metas de desarrollo est\u00e1 en camino de cumplirse"},"content":{"rendered":"\n<p>PNUMA\/Rachel Richardson&nbsp;Pr\u00e1cticas agr\u00edcolas sostenibles en Oaxaca, M\u00e9xico, contribuyen a restaurar los ecosistemas de bosque seco, proteger la biodiversidad y sostener los medios de vida locales.<a><\/a><\/p>\n\n\n\n<p><strong>Por&nbsp;<\/strong><strong>Joe Atencio<\/strong><\/p>\n\n\n\n<p><strong><time datetime=\"2026-09-05T12:00:00Z\">5 Septiembre 2026<\/time><\/strong>&nbsp;<strong><a href=\"https:\/\/news.un.org\/es\/news\/topic\/sdgs\">Objetivos de Desarrollo Sostenible<\/a><\/strong><\/p>\n\n\n\n<p>A cuatro a\u00f1os de 2030, apenas el 19% de las metas evaluadas de los Objetivos de Desarrollo Sostenible se ha alcanzado o avanza al ritmo necesario en Am\u00e9rica Latina y el Caribe. Detr\u00e1s del retraso no existe un \u00fanico obst\u00e1culo: poco espacio fiscal, bajo crecimiento, desigualdad y debilidades institucionales forman un c\u00edrculo que dificulta convertir las pol\u00edticas p\u00fablicas y las inversiones en mejoras sostenidas para la poblaci\u00f3n. Sin embargo, algunos pa\u00edses muestran que acelerar todav\u00eda es posible.<\/p>\n\n\n\n<p>Cuando los pa\u00edses de Am\u00e9rica Latina y el Caribe adoptaron la Agenda 2030, ten\u00edan quince a\u00f1os para avanzar hacia un conjunto de objetivos que iban desde terminar con el hambre y reducir la desigualdad hasta garantizar agua potable, energ\u00eda limpia, ciudades sostenibles e instituciones m\u00e1s s\u00f3lidas.&nbsp;<strong>Hoy solo quedan cuatro a\u00f1os y la mayor parte de la regi\u00f3n no avanza a la velocidad necesaria.<\/strong><\/p>\n\n\n\n<figure class=\"wp-block-image\"><img data-recalc-dims=\"1\" decoding=\"async\" src=\"https:\/\/i0.wp.com\/global.unitednations.entermediadb.net\/assets\/mediadb\/services\/module\/asset\/downloads\/preset\/Collections\/Graphics%20Library\/2026\/09\/04-09-2026_ECLAC_SDGs_1.png\/image1024x768.jpg?w=640&#038;ssl=1\" alt=\"Infograf\u00eda estad\u00edstica de la CEPAL que muestra dos gr\u00e1ficos circulares que comparan el estado de las metas e indicadores de los ODS en Am\u00e9rica Latina y el Caribe para 2030, con porcentajes codificados por colores seg\u00fan la tendencia del progreso.\"\/><figcaption class=\"wp-element-caption\">Comisi\u00f3n Econ\u00f3mica para Am\u00e9rica Latina y el Caribe (CEPAL).<\/figcaption><\/figure>\n\n\n\n<p>El m\u00e1s reciente&nbsp;<a href=\"https:\/\/www.cepal.org\/es\/publicaciones\/89774-agenda-2030-america-latina-caribe-como-acelerar-paso-su-cumplimiento-la-nueva?utm_source=chatgpt.com\" target=\"_blank\" rel=\"noreferrer noopener\">informe de la CEPAL<\/a>&nbsp;ofrece una fotograf\u00eda preocupante. De las 134 metas para las que pudo evaluarse la trayectoria regional,&nbsp;<strong>solo el 19% ya se alcanz\u00f3 o probablemente se alcanzar\u00e1 en 2030 si contin\u00faa la tendencia actual<\/strong>. Otro 42% se mueve en la direcci\u00f3n correcta, pero demasiado lentamente, mientras que el 39% restante se encuentra estancado o ha retrocedido.&nbsp;<\/p>\n\n\n\n<p>La situaci\u00f3n es incluso menos favorable que un a\u00f1o atr\u00e1s. En 2025, el 23% de las metas evaluadas estaba en camino de cumplimiento; en la estimaci\u00f3n de 2026, la proporci\u00f3n cay\u00f3 cuatro puntos. Y aunque las trayectorias var\u00edan considerablemente entre los distintos&nbsp;<a href=\"https:\/\/news.un.org\/es\/news\/topic\/sdgs\">Objetivos de Desarrollo Sostenible<\/a>&nbsp;(ODS), en seis de los 17 el estancamiento o retroceso afecta a m\u00e1s de la mitad de las metas examinadas.&nbsp;<\/p>\n\n\n\n<p>El desaf\u00edo, por tanto, ya no consiste solamente en saber qu\u00e9 debe hacerse.<strong>&nbsp;<\/strong>La regi\u00f3n conoce buena parte de sus problemas y ha multiplicado planes, estrategias y compromisos.<strong>&nbsp;La cuesti\u00f3n es por qu\u00e9 resulta tan dif\u00edcil convertirlos, a escala suficiente y durante el tiempo necesario, en desarrollo.<\/strong><\/p>\n\n\n\n<h2 class=\"wp-block-heading\">Una factura de 650.000 millones de d\u00f3lares al a\u00f1o<\/h2>\n\n\n\n<p>La primera respuesta est\u00e1 en el dinero. La&nbsp;<a href=\"https:\/\/www.cepal.org\/es\" target=\"_blank\" rel=\"noreferrer noopener\">CEPAL<\/a>&nbsp;estima que&nbsp;<strong>la brecha de financiamiento para alcanzar los ODS en Am\u00e9rica Latina y el Caribe ronda los 650.000 millones de d\u00f3lares anuales<\/strong>. Esa necesidad coincide con presupuestos p\u00fablicos sometidos a fuertes presiones, econom\u00edas de bajo crecimiento y pa\u00edses que deben destinar una parte importante de sus ingresos al servicio de la deuda.&nbsp;<\/p>\n\n\n\n<p>Ese problema de recursos se refleja directamente en el ODS 17, dedicado a los medios de implementaci\u00f3n de la Agenda 2030.&nbsp;<a href=\"https:\/\/www.cepal.org\/es\/publicaciones\/89926-ods-17-alianzas-lograr-objetivos-implementacion-america-latina-caribe-2026?\" target=\"_blank\" rel=\"noreferrer noopener\">La ficha regional de 2026<\/a>&nbsp;advierte que la movilizaci\u00f3n de recursos internos sigue una trayectoria descendente, mientras la asistencia oficial para el desarrollo ha disminuido y la inversi\u00f3n extranjera contin\u00faa siendo insuficiente. A ello se suma un escenario internacional m\u00e1s fragmentado y menos previsible, que limita las posibilidades de financiar el desarrollo sostenible en la regi\u00f3n.<\/p>\n\n\n\n<p>Pero el problema no se limita a que falten recursos externos. Tambi\u00e9n existe una dificultad para generar y movilizar dinero dentro de la propia regi\u00f3n. En 2023, la recaudaci\u00f3n tributaria represent\u00f3 en promedio&nbsp;<strong>el 21,3% del producto interno bruto<\/strong>, m\u00e1s de diez puntos porcentuales por debajo del 34% registrado en los pa\u00edses de la Organizaci\u00f3n para la Cooperaci\u00f3n y el Desarrollo Econ\u00f3micos (OCDE). Ese mismo a\u00f1o, la evasi\u00f3n tributaria en Am\u00e9rica Latina y el Caribe se estim\u00f3 en&nbsp;<strong>433.000 millones de d\u00f3lares, equivalentes al 6,7% del PIB regional<\/strong>.&nbsp;<\/p>\n\n\n\n<p>Las dos cifras no son directamente intercambiables \u2014recuperar toda la evasi\u00f3n no eliminar\u00eda autom\u00e1ticamente la brecha de los ODS\u2014, pero juntas muestran la magnitud del desaf\u00edo fiscal. Mientras los gobiernos necesitan centenares de miles de millones de d\u00f3lares adicionales para educaci\u00f3n, infraestructura, protecci\u00f3n social, agua o acci\u00f3n clim\u00e1tica, una cantidad extraordinaria de recursos potenciales escapa de los sistemas tributarios.<\/p>\n\n\n\n<p>A ello se a\u00f1ade una contradicci\u00f3n particular de Am\u00e9rica Latina. Muchos de sus pa\u00edses son clasificados internacionalmente como econom\u00edas de ingreso medio o medio-alto, lo que puede limitar su acceso a financiamiento concesional, aunque sigan enfrentando profundas brechas sociales y productivas. Al mismo tiempo, la asistencia oficial para el desarrollo cay\u00f3 un 4,5% a nivel mundial en t\u00e9rminos reales en 2024 y&nbsp;<strong>solo el 6,7% se dirigi\u00f3 a Am\u00e9rica Latina y el Caribe<\/strong>. La deuda p\u00fablica del gobierno central, mientras tanto, permanec\u00eda en promedio por encima del 50% del PIB.<\/p>\n\n\n\n<p><strong>La regi\u00f3n se encuentra as\u00ed en una posici\u00f3n inc\u00f3moda:&nbsp;<\/strong>necesita invertir mucho m\u00e1s, tiene un espacio fiscal limitado y, en numerosos casos, tampoco re\u00fane las condiciones para acceder al financiamiento internacional m\u00e1s barato.<\/p>\n\n\n\n<h2 class=\"wp-block-heading\">El problema no termina cuando aparece el dinero<\/h2>\n\n\n\n<p>Sin embargo, conseguir recursos tampoco garantiza por s\u00ed solo el resultado. La segunda gran barrera es la capacidad para convertir una inversi\u00f3n en un servicio p\u00fablico que funcione y se mantenga en el tiempo.<\/p>\n\n\n\n<p><a href=\"https:\/\/foroalc2030.cepal.org\/2026\/es\/documentos\/ods-6-agua-limpia-saneamiento-implementacion-america-latina-caribe-2026\" target=\"_blank\" rel=\"noreferrer noopener\">El agua y el saneamiento<\/a>&nbsp;ofrecen uno de los ejemplos m\u00e1s claros. En 2024,&nbsp;<strong>140 millones de personas en Am\u00e9rica Latina y el Caribe no ten\u00edan acceso a servicios de agua potable gestionados sin riesgos y 324 millones carec\u00edan de servicios de saneamiento gestionados sin riesgos<\/strong>. Las brechas tampoco se distribuyen uniformemente: el acceso a agua potable segura alcanzaba el 83,1% en Am\u00e9rica del Sur, pero descend\u00eda al 58,9% en el Caribe y al 49,2% en Centroam\u00e9rica.&nbsp;<\/p>\n\n\n\n<p>El problema no siempre es la ausencia total de inversi\u00f3n. La CEPAL advierte que algunos recursos destinados al sector&nbsp;<strong>no han producido aumentos sostenidos de capacidad y calidad<\/strong>&nbsp;debido a redes incompletas, plantas subdimensionadas y mecanismos insuficientes para cubrir costos de energ\u00eda, operaci\u00f3n y mantenimiento. En zonas rurales se a\u00f1aden fragmentaci\u00f3n institucional y limitaciones t\u00e9cnicas.<\/p>\n\n\n\n<p>La distinci\u00f3n es fundamental. Construir una planta de tratamiento puede generar una fotograf\u00eda, una inauguraci\u00f3n y una cifra de inversi\u00f3n. Mantenerla operativa durante d\u00e9cadas exige tarifas viables, personal capacitado, regulaci\u00f3n, mantenimiento, coordinaci\u00f3n entre instituciones y presupuestos futuros.<\/p>\n\n\n\n<p>Por eso el&nbsp;<a href=\"https:\/\/www.undp.org\/es\/latin-america\/programa-regional?utm_source=chatgpt.com\" target=\"_blank\" rel=\"noreferrer noopener\">Programa Regional del PNUD<\/a>&nbsp;para 2026-2029 identifica los problemas de gobernanza y la insuficiente capacidad institucional entre los factores que est\u00e1n socavando la trayectoria de desarrollo de Am\u00e9rica Latina y el Caribe. Su diagn\u00f3stico va m\u00e1s all\u00e1 de una crisis espec\u00edfica: las vulnerabilidades estructurales se combinan con volatilidad econ\u00f3mica,&nbsp;<a href=\"https:\/\/news.un.org\/es\/news\/topic\/climate-change\">cambio clim\u00e1tico<\/a>, fragmentaci\u00f3n social y disrupci\u00f3n tecnol\u00f3gica, haciendo que cada nueva perturbaci\u00f3n pueda erosionar progresos anteriores.<\/p>\n\n\n\n<h2 class=\"wp-block-heading\">Econom\u00edas que necesitan transformarse para poder financiar el desarrollo<\/h2>\n\n\n\n<p>La tercera dificultad est\u00e1 detr\u00e1s de muchas de las anteriores:&nbsp;<strong>una econom\u00eda que crece poco y aumenta lentamente su productividad genera menos empleo de calidad, menos ingresos y, finalmente, menos recursos fiscales para financiar las pol\u00edticas que requieren los ODS.<\/strong><\/p>\n\n\n\n<figure class=\"wp-block-image\"><img data-recalc-dims=\"1\" decoding=\"async\" src=\"https:\/\/i0.wp.com\/global.unitednations.entermediadb.net\/assets\/mediadb\/services\/module\/asset\/downloads\/preset\/Collections\/Graphics%20Library\/2026\/09\/04-09-2026_ECLAC_SDGs_2.png\/image1024x768.jpg?w=640&#038;ssl=1\" alt=\"Gr\u00e1fico lineal que compara el gasto en I+D como porcentaje del PIB desde 2014 hasta 2023 para Corea del Sur, Estados Unidos, la OCDE, China, la Uni\u00f3n Europea y Am\u00e9rica Latina y el Caribe, con datos de la CEPAL y los indicadores de los ODS de la ONU .\"\/><figcaption class=\"wp-element-caption\">CEPAL.<\/figcaption><\/figure>\n\n\n\n<p>El panorama del&nbsp;<a href=\"https:\/\/foroalc2030.cepal.org\/2026\/es\/documentos\/ods-9-industria-innovacion-e-infraestructura-implementacion-america-latina-caribe-2026\" target=\"_blank\" rel=\"noreferrer noopener\">ODS 9<\/a>, dedicado a industria, innovaci\u00f3n e infraestructura, es especialmente revelador. Algunas de sus metas registran avances moderados, pero otras se encuentran estancadas o han retrocedido. La contribuci\u00f3n de la manufactura al PIB y al empleo presenta una tendencia descendente, mientras que el gasto en investigaci\u00f3n y desarrollo como proporci\u00f3n de la econom\u00eda&nbsp;<strong>se ha mantenido pr\u00e1cticamente estancado durante la \u00faltima d\u00e9cada<\/strong>. La CEPAL tambi\u00e9n identifica una baja participaci\u00f3n empresarial en investigaci\u00f3n y desarrollo y una reducida densidad regional de investigadores.<\/p>\n\n\n\n<p>Entre 2000 y 2022, adem\u00e1s, la regi\u00f3n no consigui\u00f3 aumentar de manera sostenida el peso de las manufacturas de tecnolog\u00eda mediana y alta en su producci\u00f3n industrial.&nbsp;<\/p>\n\n\n\n<p>Esto convierte el cumplimiento de la Agenda 2030 en algo m\u00e1s amplio que una cuesti\u00f3n de gasto social.&nbsp;<strong>Para sostener mejores sistemas educativos, transporte p\u00fablico, infraestructura, salud, agua o protecci\u00f3n social tambi\u00e9n se necesitan econom\u00edas capaces de innovar, crear empresas productivas, generar empleos formales y ampliar la base tributaria.<\/strong><\/p>\n\n\n\n<h2 class=\"wp-block-heading\">La desigualdad convierte los promedios en una ilusi\u00f3n<\/h2>\n\n\n\n<p>Hay, adem\u00e1s, un problema que atraviesa casi todos los objetivos: el lugar donde nace una persona, sus ingresos o si vive en una ciudad o en una zona rural todav\u00eda<strong>&nbsp;pueden determinar qu\u00e9 parte del progreso regional realmente llega hasta ella.<\/strong><\/p>\n\n\n\n<p>La electricidad lo demuestra con claridad. Am\u00e9rica Latina y el Caribe est\u00e1 cerca de alcanzar la universalizaci\u00f3n: la tasa regional de electrificaci\u00f3n pas\u00f3 del 91,7% en 2000 al&nbsp;<strong>98,5% en 2023<\/strong>. Pero mientras en las ciudades el acceso alcanzaba el 99,7%, en las zonas rurales se situaba en 92,9%. Entre el 20% de la poblaci\u00f3n con menores ingresos, el 3,6% todav\u00eda carec\u00eda de electricidad en 2024 y la proporci\u00f3n sub\u00eda al 10,2% entre quienes viv\u00edan en zonas rurales.&nbsp;<\/p>\n\n\n\n<figure class=\"wp-block-image\"><img data-recalc-dims=\"1\" decoding=\"async\" src=\"https:\/\/i0.wp.com\/global.unitednations.entermediadb.net\/assets\/mediadb\/services\/module\/asset\/downloads\/preset\/Collections\/Graphics%20Library\/2026\/09\/04-09-2026_ECLAC_SDGs_3.png\/image1024x768.jpg?w=640&#038;ssl=1\" alt=\"Gr\u00e1fico de barras de la CEPAL que muestra la proporci\u00f3n de la poblaci\u00f3n sin acceso a la electricidad en cinco quintiles de ingresos en Am\u00e9rica Latina y el Caribe, comparando todas las zonas, las zonas rurales y las zonas urbanas.\"\/><figcaption class=\"wp-element-caption\">CEPAL.<\/figcaption><\/figure>\n\n\n\n<p>Esta persistencia de brechas ayuda a explicar por qu\u00e9 el&nbsp;<strong>ODS 10, dedicado a reducir las desigualdades, es el que concentra la mayor proporci\u00f3n de metas estancadas o en retroceso<\/strong>. Tambi\u00e9n est\u00e1n particularmente rezagados el ODS 2 sobre hambre, el 12 sobre producci\u00f3n y consumo responsables, el 13 sobre acci\u00f3n clim\u00e1tica y el 15 sobre ecosistemas terrestres: en todos ellos, m\u00e1s del 55% de las metas evaluadas se encuentra estancado o retrocede.&nbsp;<\/p>\n\n\n\n<p><strong>El problema, por tanto, no es solo aumentar los promedios regionales.<\/strong>&nbsp;A medida que el acceso a ciertos servicios se acerca a la universalidad, quienes quedan fuera suelen ser precisamente las poblaciones m\u00e1s dif\u00edciles y costosas de alcanzar: comunidades rurales, territorios aislados, hogares pobres y grupos hist\u00f3ricamente excluidos.<\/p>\n\n\n\n<h2 class=\"wp-block-heading\">Sin instituciones capaces, las transformaciones pueden quedarse en el papel<\/h2>\n\n\n\n<p>Existe otra pieza menos visible de la Agenda 2030 que condiciona pr\u00e1cticamente todas las dem\u00e1s:&nbsp;<strong>la capacidad de los Estados para dise\u00f1ar, ejecutar y sostener pol\u00edticas mientras mantienen la confianza de la poblaci\u00f3n.<\/strong><\/p>\n\n\n\n<p>El&nbsp;<a href=\"https:\/\/www.undp.org\/es\/latin-america\/informe-sobre-democracia-y-desarrollo?utm_source=chatgpt.com\" target=\"_blank\" rel=\"noreferrer noopener\">informe sobre democracia del PNUD<\/a>&nbsp;de 2026 presenta una paradoja. Am\u00e9rica Latina y el Caribe se ha consolidado como la regi\u00f3n m\u00e1s democr\u00e1tica del mundo en desarrollo, y m\u00e1s de cuatro de cada cinco ciudadanos viven en pa\u00edses democr\u00e1ticos. Sin embargo,&nbsp;<strong>menos de la mitad de la poblaci\u00f3n est\u00e1 satisfecha con el funcionamiento de la democracia y m\u00e1s del 70% considera que los gobiernos responden a intereses particulares<\/strong>.&nbsp;<\/p>\n\n\n\n<figure class=\"wp-block-image\"><img data-recalc-dims=\"1\" decoding=\"async\" src=\"https:\/\/i0.wp.com\/global.unitednations.entermediadb.net\/assets\/mediadb\/services\/module\/asset\/downloads\/preset\/Collections\/Graphics%20Library\/2026\/09\/04-09-2026_PNUD_1.png\/image1024x768.jpg?w=640&#038;ssl=1\" alt=\"Gr\u00e1fico de l\u00edneas que muestra el porcentaje de personas en Am\u00e9rica Latina que confiaron en el gobierno, el poder judicial y los partidos pol\u00edticos entre 2000 y 2024, destacando una ca\u00edda tras el fin del boom de materias primas.\"\/><figcaption class=\"wp-element-caption\">PNUD.<\/figcaption><\/figure>\n\n\n\n<p>Los niveles de confianza institucional ayudan a dimensionar esa brecha: en 2024, el 31,1% dec\u00eda confiar en el gobierno, el 28,4% en el poder judicial y apenas el 16,9% en los partidos pol\u00edticos.<\/p>\n\n\n\n<p>La relaci\u00f3n con los ODS no es abstracta. Una reforma tributaria, una transformaci\u00f3n del sistema de transporte, una estrategia clim\u00e1tica o una modificaci\u00f3n de subsidios redistribuyen costos y beneficios. El&nbsp;<a href=\"http:\/\/www.undp.org\/content\/undp\/es\/home.html\" target=\"_blank\" rel=\"noreferrer noopener\"><\/a><a href=\"https:\/\/www.undp.org\/es\" target=\"_blank\" rel=\"noreferrer noopener\">PNUD<\/a>&nbsp;advierte que&nbsp;<strong>no basta con identificar t\u00e9cnicamente la pol\u00edtica correcta<\/strong>: las instituciones necesitan capacidades t\u00e9cnicas, operativas, pol\u00edticas y prospectivas para dise\u00f1ar cambios viables, construir consensos y garantizar su implementaci\u00f3n. Si no pueden anticipar resistencias y administrar conflictos, las transformaciones pueden estancarse o revertirse.<\/p>\n\n\n\n<h2 class=\"wp-block-heading\">Entonces, \u00bfpor qu\u00e9 algunos s\u00ed avanzan?<\/h2>\n\n\n\n<p>El panorama regional no es completamente negativo. De hecho, los resultados permiten identificar algo quiz\u00e1 m\u00e1s \u00fatil que otra lista de obst\u00e1culos:&nbsp;<strong>qu\u00e9 tienen en com\u00fan algunas pol\u00edticas que s\u00ed est\u00e1n generando avances.<\/strong><\/p>\n\n\n\n<p>El&nbsp;<a href=\"https:\/\/foroalc2030.cepal.org\/2026\/es\/documentos\/ods-7-energia-asequible-no-contaminante-implementacion-america-latina-caribe-2026\" target=\"_blank\" rel=\"noreferrer noopener\">ODS 7<\/a>, sobre energ\u00eda asequible y no contaminante, es la gran excepci\u00f3n. Es el \u00fanico de los 17 objetivos en el que ninguna de las metas evaluadas aparece estancada o en retroceso. Alrededor del 80% de sus metas tiene altas probabilidades de alcanzar los umbrales establecidos para 2030 si se mantiene la tendencia actual.&nbsp;<\/p>\n\n\n\n<p>En&nbsp;<strong>El Salvador<\/strong>, por ejemplo, un subsidio al gas licuado de petr\u00f3leo focalizado seg\u00fan criterios socioecon\u00f3micos y niveles de consumo el\u00e9ctrico contribuy\u00f3 a elevar la cobertura de tecnolog\u00edas y combustibles limpios para cocinar desde el&nbsp;<strong>58,4% en 2000 hasta el 94,4% en 2023<\/strong>. La experiencia muestra que la transici\u00f3n energ\u00e9tica no tiene necesariamente que separarse de la protecci\u00f3n social.&nbsp;<\/p>\n\n\n\n<p>En&nbsp;<strong>Chile<\/strong>, Santiago ha combinado recursos p\u00fablicos, inversi\u00f3n de operadores privados y cr\u00e9ditos verdes de bancos multilaterales para transformar su transporte p\u00fablico. En 2025 se incorporaron otras 308 unidades el\u00e9ctricas y, para marzo de 2026, se estimaba que&nbsp;<strong>siete de cada diez autobuses de la red eran el\u00e9ctricos<\/strong>. M\u00e1s que una fuente extraordinaria de dinero, el caso muestra el efecto de coordinar distintas formas de financiamiento alrededor de una pol\u00edtica definida.<\/p>\n\n\n\n<p>La&nbsp;<strong>gesti\u00f3n del riesgo de desastres<\/strong>&nbsp;ofrece otra pista. Costa Rica pas\u00f3 de tener apenas el 2,2% de sus gobiernos locales aplicando estrategias alineadas con el marco nacional en 2005 a alcanzar el 100% en 2015, proporci\u00f3n que desde entonces se mantiene. Colombia pas\u00f3 de 3,5% en 2008 a 89,6% en 2023, mientras Ecuador y Chile tambi\u00e9n registraron incrementos importantes.&nbsp;<\/p>\n\n\n\n<p>La explicaci\u00f3n es especialmente relevante: la CEPAL atribuye buena parte de los avances a&nbsp;<strong>marcos legales que asignaron responsabilidades claras a los gobiernos locales, estrategias nacionales actualizadas, metas de cobertura y apoyo t\u00e9cnico para implementar las medidas<\/strong>.<\/p>\n\n\n\n<p>Incluso en un sector tan rezagado como el agua aparecen experiencias que intentan conciliar sostenibilidad financiera con protecci\u00f3n social.&nbsp;<strong>Costa Rica<\/strong>&nbsp;avanz\u00f3 en 2024 hacia un sistema tarifario que combina cargos fijos y variables con una tarifa social focalizada: los hogares en pobreza extrema quedan exentos del pago de los primeros 15 metros c\u00fabicos y aquellos en pobreza b\u00e1sica reciben un descuento del 50% para ese mismo tramo.&nbsp;<\/p>\n\n\n\n<h2 class=\"wp-block-heading\">Cuatro a\u00f1os para convertir las excepciones en regla<\/h2>\n\n\n\n<p><strong>Estos casos proceden de sectores distintos y responden a realidades nacionales diferentes.<\/strong>&nbsp;Sin embargo, contienen elementos comunes: recursos identificados, responsabilidades institucionales claras, pol\u00edticas capaces de mantenerse durante varios a\u00f1os, coordinaci\u00f3n entre actores y mecanismos que intentan evitar que los costos recaigan sobre quienes tienen menos capacidad para asumirlos.<\/p>\n\n\n\n<p>Esa puede ser una de las principales lecciones de la recta final hacia 2030. Am\u00e9rica Latina y el Caribe no parte de cero, ni carece de experiencias exitosas. El problema es que los avances siguen siendo demasiado fragmentados para compensar las fuerzas que empujan en sentido contrario.<\/p>\n\n\n\n<p>La propia CEPAL resume la dimensi\u00f3n del desaf\u00edo: el 50% o m\u00e1s de las metas de pobreza, educaci\u00f3n, igualdad de g\u00e9nero, trabajo decente, infraestructura e innovaci\u00f3n, ciudades sostenibles e instituciones s\u00f3lidas se mueve en la direcci\u00f3n correcta,&nbsp;<strong>pero a una velocidad insuficiente para llegar a destino en 2030<\/strong>.<\/p>\n\n\n\n<p>Por eso, durante los pr\u00f3ximos cuatro a\u00f1os, el desaf\u00edo puede ser menos el de descubrir nuevas soluciones que el de lograr que aquellas que ya funcionan puedan sobrevivir a los cambios pol\u00edticos, ampliarse territorialmente y recibir los recursos necesarios.<\/p>\n\n\n\n<p>El reloj de la Agenda 2030 contin\u00faa avanzando.&nbsp;<strong>Para Am\u00e9rica Latina y el Caribe, hacer que las pol\u00edticas que hoy son excepciones se conviertan en pr\u00e1ctica habitual podr\u00eda marcar la diferencia entre llegar tarde a otra meta internacional o transformar objetivos escritos hace m\u00e1s de una d\u00e9cada en cambios que finalmente puedan sentirse en la vida cotidiana.<\/strong><\/p>\n\n\n\n<h2 class=\"wp-block-heading\"><strong>Pieza Anal\u00edtica: Joe Atencio<\/strong><\/h2>\n\n\n\n<p>news.un.org<\/p>\n","protected":false},"excerpt":{"rendered":"<p>PNUMA\/Rachel Richardson&nbsp;Pr\u00e1cticas agr\u00edcolas sostenibles en Oaxaca, M\u00e9xico, contribuyen a restaurar los ecosistemas de bosque seco, proteger la biodiversidad y sostener los medios de vida locales. Por&nbsp;Joe Atencio 5 Septiembre 2026&nbsp;Objetivos de Desarrollo Sostenible A cuatro a\u00f1os de 2030, apenas el 19% de las metas evaluadas de los Objetivos de Desarrollo Sostenible se ha alcanzado o [&hellip;]<\/p>\n","protected":false},"author":1,"featured_media":213966,"comment_status":"open","ping_status":"open","sticky":false,"template":"","format":"standard","meta":{"_acf_changed":false,"_jetpack_newsletter_access":"","_jetpack_dont_email_post_to_subs":false,"_jetpack_newsletter_tier_id":0,"_jetpack_memberships_contains_paywalled_content":false,"_jetpack_feature_clip_id":0,"_jetpack_memberships_contains_paid_content":false,"footnotes":"","jetpack_publicize_message":"","jetpack_publicize_feature_enabled":true,"jetpack_social_post_already_shared":true,"jetpack_social_options":{"image_generator_settings":{"template":"highway","default_image_id":0,"font":"","enabled":false},"version":2},"jetpack_post_was_ever_published":false},"categories":[6],"tags":[],"class_list":["post-213965","post","type-post","status-publish","format-standard","has-post-thumbnail","hentry","category-ecologia"],"acf":[],"jetpack_publicize_connections":[],"jetpack_sharing_enabled":true,"jetpack_featured_media_url":"https:\/\/i0.wp.com\/sportseco.com\/wp-content\/uploads\/2026\/09\/image1170x530cropped-2.jpg?fit=1171%2C530&ssl=1","_links":{"self":[{"href":"https:\/\/sportseco.com\/index.php?rest_route=\/wp\/v2\/posts\/213965","targetHints":{"allow":["GET"]}}],"collection":[{"href":"https:\/\/sportseco.com\/index.php?rest_route=\/wp\/v2\/posts"}],"about":[{"href":"https:\/\/sportseco.com\/index.php?rest_route=\/wp\/v2\/types\/post"}],"author":[{"embeddable":true,"href":"https:\/\/sportseco.com\/index.php?rest_route=\/wp\/v2\/users\/1"}],"replies":[{"embeddable":true,"href":"https:\/\/sportseco.com\/index.php?rest_route=%2Fwp%2Fv2%2Fcomments&post=213965"}],"version-history":[{"count":1,"href":"https:\/\/sportseco.com\/index.php?rest_route=\/wp\/v2\/posts\/213965\/revisions"}],"predecessor-version":[{"id":213967,"href":"https:\/\/sportseco.com\/index.php?rest_route=\/wp\/v2\/posts\/213965\/revisions\/213967"}],"wp:featuredmedia":[{"embeddable":true,"href":"https:\/\/sportseco.com\/index.php?rest_route=\/wp\/v2\/media\/213966"}],"wp:attachment":[{"href":"https:\/\/sportseco.com\/index.php?rest_route=%2Fwp%2Fv2%2Fmedia&parent=213965"}],"wp:term":[{"taxonomy":"category","embeddable":true,"href":"https:\/\/sportseco.com\/index.php?rest_route=%2Fwp%2Fv2%2Fcategories&post=213965"},{"taxonomy":"post_tag","embeddable":true,"href":"https:\/\/sportseco.com\/index.php?rest_route=%2Fwp%2Fv2%2Ftags&post=213965"}],"curies":[{"name":"wp","href":"https:\/\/api.w.org\/{rel}","templated":true}]}}