{"id":213977,"date":"2026-09-06T09:35:28","date_gmt":"2026-09-06T13:35:28","guid":{"rendered":"https:\/\/sportseco.com\/?p=213977"},"modified":"2026-09-06T09:35:28","modified_gmt":"2026-09-06T13:35:28","slug":"fc-bayern-y-schalke-04-empatan-sin-goles","status":"publish","type":"post","link":"https:\/\/sportseco.com\/?p=213977","title":{"rendered":"FC Bayern y Schalke 04 empatan sin goles"},"content":{"rendered":"\n<ul class=\"wp-block-list\">\n<li><strong>FCB y Schalke empatan 0-0<\/strong><\/li>\n\n\n\n<li><strong>Musiala reaparece<\/strong><\/li>\n\n\n\n<li><strong>El jueves, estreno en la Champions League<\/strong><\/li>\n<\/ul>\n\n\n\n<p>El FC Bayern empat\u00f3 0-0 este s\u00e1bado por la noche ante el FC Schalke 04. En el partidazo de la segunda jornada de la Bundesliga, el Bayern fue claramente superior ante un reci\u00e9n ascendido muy s\u00f3lido en defensa, pero no logr\u00f3 encontrar el camino del gol. Las mejores ocasiones fueron para Nathaniel Brown y Luis D\u00edaz.<\/p>\n\n\n\n<p><em>Hemos recopilado para vosotros las escenas m\u00e1s importantes del partido:<\/em><\/p>\n\n\n\n<h2 class=\"wp-block-heading\">Minuto 13: Brown no puede superar a Karius<\/h2>\n\n\n\n<figure class=\"wp-block-image\"><img data-recalc-dims=\"1\" decoding=\"async\" src=\"https:\/\/i0.wp.com\/img.fcbayern.com\/image\/upload\/f_auto\/q_auto\/ar_16%3A9%2Cc_fill%2Cg_custom%2Cw_1024\/v1788631434\/cms\/public\/images\/fcbayern-com\/homepage\/Saison-26-27\/Galerien\/Spiele\/schalke-fcb\/04-schalke-fcb-260905-ima.jpg?w=640&#038;ssl=1\" alt=\"\"\/><figcaption class=\"wp-element-caption\">\u00a9 Imago<\/figcaption><\/figure>\n\n\n\n<p>El Bayern se hizo de inmediato con el control del partido y encerr\u00f3 al Schalke en su propio campo. Al cuarto de hora, los muniqueses generaron su primera gran ocasi\u00f3n.&nbsp;<a href=\"https:\/\/fcbayern.com\/es\/teams\/first-team\/joshua-kimmich\">Joshua Kimmich<\/a>&nbsp;puso un magn\u00edfico bal\u00f3n bombeado hacia&nbsp;<a href=\"https:\/\/fcbayern.com\/es\/teams\/first-team\/aleksandar-pavlovic\">Aleksandar Pavlovi\u0107<\/a>&nbsp;dentro del \u00e1rea, y \u00e9ste cedi\u00f3 el esf\u00e9rico a&nbsp;<a href=\"https:\/\/fcbayern.com\/es\/teams\/first-team\/nathaniel-brown\">Nathaniel Brown<\/a>. El dorsal 11 remat\u00f3 desde diez metros, pero se encontr\u00f3 con una gran intervenci\u00f3n de Loris Karius, guardameta del S04.&nbsp;<\/p>\n\n\n\n<h2 class=\"wp-block-heading\">Miinuto 41: Luis D\u00edaz dispara desviado<\/h2>\n\n\n\n<figure class=\"wp-block-image\"><img data-recalc-dims=\"1\" decoding=\"async\" src=\"https:\/\/i0.wp.com\/img.fcbayern.com\/image\/upload\/f_auto\/q_auto\/ar_16%3A9%2Cc_fill%2Cg_custom%2Cw_1024\/v1788629857\/cms\/public\/images\/fcbayern-com\/homepage\/Saison-26-27\/Galerien\/Spiele\/schalke-fcb\/11-schalke-fcb-260905-ima.jpg?w=640&#038;ssl=1\" alt=\"\"\/><figcaption class=\"wp-element-caption\">\u00a9 Imago<\/figcaption><\/figure>\n\n\n\n<p>En la primera parte, al Bayern le falt\u00f3 demasiado a menudo capacidad de penetraci\u00f3n en ataque ante un Schalke muy compacto en defensa. Por ello, las ocasiones claras de remate fueron escasas. En el minuto 41, sin embargo,&nbsp;<a href=\"https:\/\/fcbayern.com\/es\/teams\/first-team\/luis-diaz\">Luis D\u00edaz<\/a>&nbsp;tuvo el 0-1 en sus botas. Tras un pase filtrado de Brown, el colombiano remat\u00f3 solo ante Karius, pero el bal\u00f3n se le escurri\u00f3 del pie y sali\u00f3 claramente desviado.&nbsp;<\/p>\n\n\n\n<h2 class=\"wp-block-heading\">Minuto 54: Kuru\u00e7ay despeja ante Luis D\u00edaz<\/h2>\n\n\n\n<figure class=\"wp-block-image\"><img data-recalc-dims=\"1\" decoding=\"async\" src=\"https:\/\/i0.wp.com\/img.fcbayern.com\/image\/upload\/f_auto\/q_auto\/ar_16%3A9%2Cc_fill%2Cg_custom%2Cw_1024\/v1788630723\/cms\/public\/images\/fcbayern-com\/homepage\/Saison-26-27\/Galerien\/Spiele\/schalke-fcb\/13-schalke-fcb-260905-fcb.jpg?w=640&#038;ssl=1\" alt=\"\"\/><figcaption class=\"wp-element-caption\">\u00a9 FC Bayern<\/figcaption><\/figure>\n\n\n\n<p>Tras recuperar el bal\u00f3n en campo rival,&nbsp;<a href=\"https:\/\/fcbayern.com\/es\/teams\/first-team\/alphonso-davies\">Alphonso Davies<\/a>&nbsp;realiz\u00f3 un buen pase filtrado para Luis D\u00edaz. El 14 del FC Bayern levant\u00f3 el bal\u00f3n por encima de Karius, que hab\u00eda salido de su porter\u00eda, pero su remate no llev\u00f3 la suficiente fuerza. Por ello, el defensa del S04, Hasan Kuru\u00e7ay, pudo despejar antes de que el bal\u00f3n cruzara la l\u00ednea de gol.&nbsp;<\/p>\n\n\n\n<h2 class=\"wp-block-heading\">El FCB aumenta cada vez m\u00e1s la presi\u00f3n<\/h2>\n\n\n\n<figure class=\"wp-block-image\"><img data-recalc-dims=\"1\" decoding=\"async\" src=\"https:\/\/i0.wp.com\/img.fcbayern.com\/image\/upload\/f_auto\/q_auto\/ar_16%3A9%2Cc_fill%2Cg_custom%2Cw_1024\/v1788632263\/cms\/public\/images\/fcbayern-com\/homepage\/Saison-26-27\/Galerien\/Spiele\/schalke-fcb\/14-schalke-fcb-260905-fcb.jpg?w=640&#038;ssl=1\" alt=\"\"\/><figcaption class=\"wp-element-caption\">\u00a9 FC Bayern<\/figcaption><\/figure>\n\n\n\n<p>Poco despu\u00e9s, el t\u00e9cnico&nbsp;<a href=\"https:\/\/fcbayern.com\/es\/teams\/first-team\/coaches-and-staff\/vincent-kompany\">Vincent Kompany<\/a>, que ya hab\u00eda dado entrada a&nbsp;<a href=\"https:\/\/fcbayern.com\/es\/teams\/first-team\/harry-kane\">Harry Kane<\/a>&nbsp;al descanso, tambi\u00e9n hizo saltar al campo a&nbsp;<a href=\"https:\/\/fcbayern.com\/es\/teams\/first-team\/michael-olise\">Michael Olise<\/a>&nbsp;y&nbsp;<a href=\"https:\/\/fcbayern.com\/es\/teams\/first-team\/jamal-musiala\">Jamal Musiala<\/a>&nbsp;A partir de entonces, el Bayern aument\u00f3 cada vez m\u00e1s la presi\u00f3n en busca del gol que le diera la ventaja. Olise se encontr\u00f3 con Karius, que detuvo su remate.<\/p>\n\n\n\n<p>El FCB encerr\u00f3 al S04 cerca de su propia \u00e1rea, pero solo en contadas ocasiones logr\u00f3 encontrar un hueco.&nbsp;<\/p>\n\n\n\n<h2 class=\"wp-block-heading\">Minuto 86: Karius detiene el remate de Kane<\/h2>\n\n\n\n<figure class=\"wp-block-image\"><img data-recalc-dims=\"1\" decoding=\"async\" src=\"https:\/\/i0.wp.com\/img.fcbayern.com\/image\/upload\/f_auto\/q_auto\/ar_16%3A9%2Cc_fill%2Cg_custom%2Cw_1024\/v1788632092\/cms\/public\/images\/fcbayern-com\/homepage\/Saison-26-27\/Galerien\/Spiele\/schalke-fcb\/16-schalke-fcb-260905-fcb.jpg?w=640&#038;ssl=1\" alt=\"\"\/><figcaption class=\"wp-element-caption\">\u00a9 FC Bayern<\/figcaption><\/figure>\n\n\n\n<p>En la recta final del partido, el Bayern lo puso todo sobre el terreno de juego. En el minuto 86, Kane prob\u00f3 fortuna con un disparo lejano, pero Karius se estir\u00f3 al m\u00e1ximo y realiz\u00f3 una gran parada. De este modo, el partido acab\u00f3 finalmente con un empate sin goles, despu\u00e9s de que el Bayern hubiera marcado al menos un tanto en sus \u00faltimos 59 partidos oficiales.<\/p>\n\n\n\n<p>El pr\u00f3ximo jueves llegar\u00e1 el primer partido de la Champions League de la nueva temporada. El Bayern recibir\u00e1 a las 21:00 (CEST) al FK Bod\u00f8\/Glimt en el Allianz Arena.<\/p>\n\n\n\n<p>fcbayern.com<\/p>\n","protected":false},"excerpt":{"rendered":"<p>El FC Bayern empat\u00f3 0-0 este s\u00e1bado por la noche ante el FC Schalke 04. En el partidazo de la segunda jornada de la Bundesliga, el Bayern fue claramente superior ante un reci\u00e9n ascendido muy s\u00f3lido en defensa, pero no logr\u00f3 encontrar el camino del gol. Las mejores ocasiones fueron para Nathaniel Brown y Luis [&hellip;]<\/p>\n","protected":false},"author":1,"featured_media":213978,"comment_status":"open","ping_status":"open","sticky":false,"template":"","format":"standard","meta":{"_acf_changed":false,"_jetpack_newsletter_access":"","_jetpack_dont_email_post_to_subs":false,"_jetpack_newsletter_tier_id":0,"_jetpack_memberships_contains_paywalled_content":false,"_jetpack_feature_clip_id":0,"_jetpack_memberships_contains_paid_content":false,"footnotes":"","jetpack_publicize_message":"","jetpack_publicize_feature_enabled":true,"jetpack_social_post_already_shared":true,"jetpack_social_options":{"image_generator_settings":{"template":"highway","default_image_id":0,"font":"","enabled":false},"version":2},"jetpack_post_was_ever_published":false},"categories":[5],"tags":[],"class_list":["post-213977","post","type-post","status-publish","format-standard","has-post-thumbnail","hentry","category-futbol"],"acf":[],"jetpack_publicize_connections":[],"jetpack_sharing_enabled":true,"jetpack_featured_media_url":"https:\/\/sportseco.com\/wp-content\/uploads\/2026\/09\/13-schalke-fcb-260905-fcb.avif","_links":{"self":[{"href":"https:\/\/sportseco.com\/index.php?rest_route=\/wp\/v2\/posts\/213977","targetHints":{"allow":["GET"]}}],"collection":[{"href":"https:\/\/sportseco.com\/index.php?rest_route=\/wp\/v2\/posts"}],"about":[{"href":"https:\/\/sportseco.com\/index.php?rest_route=\/wp\/v2\/types\/post"}],"author":[{"embeddable":true,"href":"https:\/\/sportseco.com\/index.php?rest_route=\/wp\/v2\/users\/1"}],"replies":[{"embeddable":true,"href":"https:\/\/sportseco.com\/index.php?rest_route=%2Fwp%2Fv2%2Fcomments&post=213977"}],"version-history":[{"count":1,"href":"https:\/\/sportseco.com\/index.php?rest_route=\/wp\/v2\/posts\/213977\/revisions"}],"predecessor-version":[{"id":213979,"href":"https:\/\/sportseco.com\/index.php?rest_route=\/wp\/v2\/posts\/213977\/revisions\/213979"}],"wp:featuredmedia":[{"embeddable":true,"href":"https:\/\/sportseco.com\/index.php?rest_route=\/wp\/v2\/media\/213978"}],"wp:attachment":[{"href":"https:\/\/sportseco.com\/index.php?rest_route=%2Fwp%2Fv2%2Fmedia&parent=213977"}],"wp:term":[{"taxonomy":"category","embeddable":true,"href":"https:\/\/sportseco.com\/index.php?rest_route=%2Fwp%2Fv2%2Fcategories&post=213977"},{"taxonomy":"post_tag","embeddable":true,"href":"https:\/\/sportseco.com\/index.php?rest_route=%2Fwp%2Fv2%2Ftags&post=213977"}],"curies":[{"name":"wp","href":"https:\/\/api.w.org\/{rel}","templated":true}]}}